{"id":137959,"date":"2026-01-16T10:04:07","date_gmt":"2026-01-16T10:04:07","guid":{"rendered":"https:\/\/www.europesays.com\/se\/137959\/"},"modified":"2026-01-16T10:04:07","modified_gmt":"2026-01-16T10:04:07","slug":"iva-filipovic-far-ake-wibergs-stora-anslag-for-forskning-om-hiv-och-graviditet","status":"publish","type":"post","link":"https:\/\/www.europesays.com\/se\/137959\/","title":{"rendered":"Iva Filipovic f\u00e5r \u00c5ke Wibergs stora anslag f\u00f6r forskning om HIV och graviditet"},"content":{"rendered":"<p>\u2013 Jag \u00e4r oerh\u00f6rt tacksam mot finansi\u00e4rerna, men ocks\u00e5 f\u00f6r det fantastiska mentorskap jag f\u00e5tt av Dr. Ujjwal Neogi och st\u00f6det fr\u00e5n avdelningen f\u00f6r klinisk mikrobiologi och, i ett bredare perspektiv, institutionen f\u00f6r laboratoriemedicin, s\u00e4ger <a href=\"https:\/\/ki.se\/en\/people\/iva-filipovic\" data-entity-type=\"external\" rel=\"nofollow noopener\" target=\"_blank\">Iva Filipovic<\/a>, forskningsspecialist vid <a href=\"https:\/\/ki.se\/labmed\" data-entity-type=\"external\" rel=\"nofollow noopener\" target=\"_blank\">institutionen f\u00f6r laboratoriemedicin<\/a>, KI.<\/p>\n<p>I november fick hon Vetenskapsr\u00e5dets prestigefyllda etableringsbidrag inom h\u00e4lsa och medicin, f\u00f6ljt av Jeanssons stiftelsers anslag, och slutligen \u00c5ke Wibergs stora anslag i december.<\/p>\n<p>\u2013 Jag k\u00e4nner mig nu ekonomiskt redo att etablera min egen forskargrupp, och \u00e4r genuint entusiastisk \u00f6ver den forskning som blir m\u00f6jlig fr\u00e5n och med 2026. Snart planerar jag att b\u00f6rja rekrytera, och jag ser verkligen fram emot att utbilda n\u00e4sta generation forskare inom immunologi och infektionssjukdomar med hj\u00e4lp av avancerade h\u00f6gkapacitetsteknologier, s\u00e4ger Iva Filipovic.<\/p>\n<p>Projektet fokuserar p\u00e5 en kritisk kunskapslucka: hur kronisk HIV-infektion och dess behandling p\u00e5verkar mikromilj\u00f6n i moderkakan och den tidiga immunprogrammeringen. \u00c4ven om antiretroviral behandling effektivt f\u00f6rhindrar \u00f6verf\u00f6ring fr\u00e5n mor till barn, \u00e4r det lite k\u00e4nt om dess l\u00e5ngsiktiga effekter p\u00e5 graviditet och h\u00e4lsoutfall tidigt i livet.<\/p>\n<p>Iva Filipovics team kommer att anv\u00e4nda banbrytande tekniker f\u00f6r att studera moderkakan \u2013 ett viktigt men underutforskat organ vid HIV-exponerade graviditeter. Det yttersta m\u00e5let \u00e4r att hitta tidiga varningssignaler (biomark\u00f6rer) som kan hj\u00e4lpa till att identifiera vilka graviditeter som l\u00f6per h\u00f6gre risk.<\/p>\n<p>Varf\u00f6r denna forskning \u00e4r viktig<\/p>\n<p>Globalt ber\u00e4knas att cirka 1,2 miljoner kvinnor som lever med HIV f\u00f6der barn varje \u00e5r. \u00c4nd\u00e5 finns det betydande kunskapsluckor kring hur behandlad, kronisk HIV p\u00e5verkar graviditet och l\u00e5ngsiktiga h\u00e4lsoutfall. Med de senaste nedsk\u00e4rningarna i internationell HIV-finansiering finns ett akut behov av forskning som kan bidra till mer effektiva och h\u00e5llbara v\u00e5rdstrategier.<\/p>\n<p>Iva Filipovic tror att samh\u00e4llsrelevansen \u00e4r anledningen till att \u00c5ke Wibergs stiftelse valde att st\u00f6dja hennes projekt.<\/p>\n<p>\u2013 V\u00e5rt m\u00e5l \u00e4r att f\u00f6rst\u00e5 de underliggande mekanismerna och hitta biomark\u00f6rer som hj\u00e4lper till att f\u00f6ruts\u00e4ga risker tidigare och v\u00e4gleda mer riktade behandlingar \u2013 f\u00f6r att f\u00f6rb\u00e4ttra h\u00e4lsan f\u00f6r m\u00f6drar och barn.<\/p>\n","protected":false},"excerpt":{"rendered":"\u2013 Jag \u00e4r oerh\u00f6rt tacksam mot finansi\u00e4rerna, men ocks\u00e5 f\u00f6r det fantastiska mentorskap jag f\u00e5tt av Dr. Ujjwal&hellip;\n","protected":false},"author":2,"featured_media":137960,"comment_status":"","ping_status":"","sticky":false,"template":"","format":"standard","meta":{"footnotes":""},"categories":[69],"tags":[113,112,34,31,33,32,30],"class_list":{"0":"post-137959","1":"post","2":"type-post","3":"status-publish","4":"format-standard","5":"has-post-thumbnail","7":"category-halsa","8":"tag-halsa","9":"tag-health","10":"tag-se","11":"tag-svenska","12":"tag-sverige","13":"tag-sweden","14":"tag-swedish"},"share_on_mastodon":{"url":"https:\/\/pubeurope.com\/@se\/115904214688394058","error":""},"_links":{"self":[{"href":"https:\/\/www.europesays.com\/se\/wp-json\/wp\/v2\/posts\/137959","targetHints":{"allow":["GET"]}}],"collection":[{"href":"https:\/\/www.europesays.com\/se\/wp-json\/wp\/v2\/posts"}],"about":[{"href":"https:\/\/www.europesays.com\/se\/wp-json\/wp\/v2\/types\/post"}],"author":[{"embeddable":true,"href":"https:\/\/www.europesays.com\/se\/wp-json\/wp\/v2\/users\/2"}],"replies":[{"embeddable":true,"href":"https:\/\/www.europesays.com\/se\/wp-json\/wp\/v2\/comments?post=137959"}],"version-history":[{"count":0,"href":"https:\/\/www.europesays.com\/se\/wp-json\/wp\/v2\/posts\/137959\/revisions"}],"wp:featuredmedia":[{"embeddable":true,"href":"https:\/\/www.europesays.com\/se\/wp-json\/wp\/v2\/media\/137960"}],"wp:attachment":[{"href":"https:\/\/www.europesays.com\/se\/wp-json\/wp\/v2\/media?parent=137959"}],"wp:term":[{"taxonomy":"category","embeddable":true,"href":"https:\/\/www.europesays.com\/se\/wp-json\/wp\/v2\/categories?post=137959"},{"taxonomy":"post_tag","embeddable":true,"href":"https:\/\/www.europesays.com\/se\/wp-json\/wp\/v2\/tags?post=137959"}],"curies":[{"name":"wp","href":"https:\/\/api.w.org\/{rel}","templated":true}]}}