{"id":137963,"date":"2026-01-16T10:13:10","date_gmt":"2026-01-16T10:13:10","guid":{"rendered":"https:\/\/www.europesays.com\/se\/137963\/"},"modified":"2026-01-16T10:13:10","modified_gmt":"2026-01-16T10:13:10","slug":"julens-influensatopp-ar-over-2","status":"publish","type":"post","link":"https:\/\/www.europesays.com\/se\/137963\/","title":{"rendered":"Julens influensatopp \u00e4r \u00f6ver"},"content":{"rendered":"<p class=\"sc-c25743f0-0 sc-e37c0145-2 hObFds DQgPn\">Efter att ha \u00f6kat kontinuerligt sedan november har kurvan f\u00f6r influensa nu v\u00e4nt ner. Antalet rapporterade fall minskade med ungef\u00e4r en tredjedel vecka tv\u00e5 j\u00e4mf\u00f6rt med veckan innan, enligt Folkh\u00e4lsomyndighetens senaste statistik.<\/p>\n<p class=\"sc-c25743f0-0 sc-e37c0145-2 hObFds DQgPn\">Men faran \u00e4r inte \u00f6ver och enligt myndigheten kan vi f\u00f6rv\u00e4nta oss att smittspridningen tar fart igen n\u00e4r m\u00e4nniskor nu g\u00e5r tillbaka till skola och arbete efter helgerna.<\/p>\n<p class=\"sc-c25743f0-0 sc-e37c0145-2 hObFds DQgPn\">Under vecka tv\u00e5 konstaterades 1 450 fall av influensa A, som dominerar, j\u00e4mf\u00f6rt med 2 143 veckan innan. Antalet fall av covid-19 minskade ocks\u00e5.<\/p>\n<p class=\"sc-c25743f0-0 sc-e37c0145-2 hObFds DQgPn\">Antalet fall av rs-virus forts\u00e4tter d\u00e4remot att \u00f6ka, fr\u00e4mst bland \u00e4ldre.<\/p>\n","protected":false},"excerpt":{"rendered":"Efter att ha \u00f6kat kontinuerligt sedan november har kurvan f\u00f6r influensa nu v\u00e4nt ner. Antalet rapporterade fall minskade&hellip;\n","protected":false},"author":2,"featured_media":77179,"comment_status":"","ping_status":"","sticky":false,"template":"","format":"standard","meta":{"footnotes":""},"categories":[69],"tags":[113,112,34,31,33,32,30],"class_list":{"0":"post-137963","1":"post","2":"type-post","3":"status-publish","4":"format-standard","5":"has-post-thumbnail","7":"category-halsa","8":"tag-halsa","9":"tag-health","10":"tag-se","11":"tag-svenska","12":"tag-sverige","13":"tag-sweden","14":"tag-swedish"},"share_on_mastodon":{"url":"https:\/\/pubeurope.com\/@se\/115904249995758277","error":""},"_links":{"self":[{"href":"https:\/\/www.europesays.com\/se\/wp-json\/wp\/v2\/posts\/137963","targetHints":{"allow":["GET"]}}],"collection":[{"href":"https:\/\/www.europesays.com\/se\/wp-json\/wp\/v2\/posts"}],"about":[{"href":"https:\/\/www.europesays.com\/se\/wp-json\/wp\/v2\/types\/post"}],"author":[{"embeddable":true,"href":"https:\/\/www.europesays.com\/se\/wp-json\/wp\/v2\/users\/2"}],"replies":[{"embeddable":true,"href":"https:\/\/www.europesays.com\/se\/wp-json\/wp\/v2\/comments?post=137963"}],"version-history":[{"count":0,"href":"https:\/\/www.europesays.com\/se\/wp-json\/wp\/v2\/posts\/137963\/revisions"}],"wp:featuredmedia":[{"embeddable":true,"href":"https:\/\/www.europesays.com\/se\/wp-json\/wp\/v2\/media\/77179"}],"wp:attachment":[{"href":"https:\/\/www.europesays.com\/se\/wp-json\/wp\/v2\/media?parent=137963"}],"wp:term":[{"taxonomy":"category","embeddable":true,"href":"https:\/\/www.europesays.com\/se\/wp-json\/wp\/v2\/categories?post=137963"},{"taxonomy":"post_tag","embeddable":true,"href":"https:\/\/www.europesays.com\/se\/wp-json\/wp\/v2\/tags?post=137963"}],"curies":[{"name":"wp","href":"https:\/\/api.w.org\/{rel}","templated":true}]}}