{"id":137978,"date":"2026-01-16T10:31:06","date_gmt":"2026-01-16T10:31:06","guid":{"rendered":"https:\/\/www.europesays.com\/se\/137978\/"},"modified":"2026-01-16T10:31:06","modified_gmt":"2026-01-16T10:31:06","slug":"bara-hans-fel-ar-inkompetent-expressen","status":"publish","type":"post","link":"https:\/\/www.europesays.com\/se\/137978\/","title":{"rendered":"\u201dBara hans fel \u2013 \u00e4r inkompetent\u201d &#8211; Expressen"},"content":{"rendered":"<ol>\n<li><a href=\"https:\/\/news.google.com\/rss\/articles\/CBMingFBVV95cUxPSWhiZTRZV3hYZDR5aEtSQzNKcElvUHRSMnlVZzlfVUhHUzdUMUdRazExNGMta21Fci1ueDhnN0dBcXJOeEpURU0tTk5RNS0xMkQtNW1fMTBaWC1Oa2FQS0ZsZV9yN3M2akZJN1VPdVNpUHRVZWdCX3VuWFoyTVhFOHR6bVU2Mm03dUZwUXlYWXJieFk3OFE4czZyT3Qtdw?oc=5\" target=\"_blank\" rel=\"nofollow noopener\">\u201dBara hans fel \u2013 \u00e4r inkompetent\u201d<\/a>&nbsp;&nbsp;Expressen<\/li>\n<li><a href=\"https:\/\/news.google.com\/rss\/articles\/CBMioAFBVV95cUxQQkZZR3ZTeHhVUk5TbnBlTDBfVW9vVWNPb1kxMWxNSlVQam5FczJvUHNtd2Jiai0tQnVlSmhwYjBGd3lUWWFCeDJ2Nk5OVzZfQkZCenB3dy1wQ2VLRExBUDBmU3JINHg4djFkUnBURkVPVWU4YWRieW4yaldfWFJuSTlxaE9POV9xVlRaQjRtT0lVekhvNl9EYlYyMU9WeHFX?oc=5\" target=\"_blank\" rel=\"nofollow noopener\">Ishockey: H\u00e5kan Loob saknar ledarskap i F\u00e4rjestad: \u201dDet \u00e4r f\u00e5 som kliver fram\u201d<\/a>&nbsp;&nbsp;SVT Nyheter<\/li>\n<li><a href=\"https:\/\/news.google.com\/rss\/articles\/CBMiWEFVX3lxTE9LSHQzOFQtZGpObEZiUmJBMDJ3S09QQ2RVd0lQNERtOHRHR1lQMDJmbF9vOE9LYnltclc1YjRCOWNsNnphUUsxbFRVQkdGTV9kcWVTbVM3Uno?oc=5\" target=\"_blank\" rel=\"nofollow noopener\">Matchguide: Debut f\u00f6r Cam Abbott \u2013 och klassikerm\u00f6te!<\/a>&nbsp;&nbsp;SHL<\/li>\n<li><a href=\"https:\/\/news.google.com\/rss\/articles\/CBMivAFBVV95cUxQQUdoT0p2RzVSYVFMVVc2ZFhRbEhHbWtGWXVxeGZlMU5wZmxlUVdMQXRfbTNqOXRpb3p6TmNhZ0UyZWVuWW9rS0JMcFZRTUNpajJRckJzUXo2eXJlUUZXTzczZWtmRnQtbEtmYW1QMkt1TnFxSnF6ck5jNXFma3BVYmo2MVM3Q2xBUk4wSUpZUEszTEd0aFY5dURCZWpSTDdEc1p6SUQzc0JURnc4TGhzRVFEN29pWmVJakZ0Xw?oc=5\" target=\"_blank\" rel=\"nofollow noopener\">SHL-panelen: S\u00e5 h\u00e4r kommer det att g\u00e5 f\u00f6r F\u00e4rjestad under Abbott<\/a>&nbsp;&nbsp;Aftonbladet<\/li>\n<li><a href=\"https:\/\/news.google.com\/rss\/articles\/CBMioAFBVV95cUxONm9CT3FHczhWN0kxWHQ3V2NJWFZ2Vm9lczlXbzdwYjNSb3MzVDc3MG42dWJVVnlKU000SnJMTGFrRHQ2MnM3YnZnMzVOQjZIOHBIR2NWckYwRUFZbDlPNjdQN2tNRjRfOUs2QVN2V003MFU4MHBoMTdvSndtU3E3VzRLRTZUSnZWSS04Y3ByTWhZbXIxWk5wUjh2TE1iMXVY?oc=5\" target=\"_blank\" rel=\"nofollow noopener\">EXKLUSIVT: Efter skriverierna \u2013 FBK-tr\u00e4naren sl\u00e5r tillbaka mot uppgifterna: \u201dTotal osanning\u201d<\/a>&nbsp;&nbsp;VF<\/li>\n<\/ol>\n","protected":false},"excerpt":{"rendered":"\u201dBara hans fel \u2013 \u00e4r inkompetent\u201d&nbsp;&nbsp;Expressen Ishockey: H\u00e5kan Loob saknar ledarskap i F\u00e4rjestad: \u201dDet \u00e4r f\u00e5 som kliver&hellip;\n","protected":false},"author":2,"featured_media":137979,"comment_status":"","ping_status":"","sticky":false,"template":"","format":"standard","meta":{"footnotes":""},"categories":[68],"tags":[2939,4035,34,255,823,111,110,31,33,32,30],"class_list":{"0":"post-137978","1":"post","2":"type-post","3":"status-publish","4":"format-standard","5":"has-post-thumbnail","7":"category-sport","8":"tag-organization-farjestad-bk","9":"tag-person-johan-garpenlov","10":"tag-se","11":"tag-sections-ishockey","12":"tag-sections-shl","13":"tag-sport","14":"tag-sports","15":"tag-svenska","16":"tag-sverige","17":"tag-sweden","18":"tag-swedish"},"share_on_mastodon":{"url":"https:\/\/pubeurope.com\/@se\/115904320815412645","error":""},"_links":{"self":[{"href":"https:\/\/www.europesays.com\/se\/wp-json\/wp\/v2\/posts\/137978","targetHints":{"allow":["GET"]}}],"collection":[{"href":"https:\/\/www.europesays.com\/se\/wp-json\/wp\/v2\/posts"}],"about":[{"href":"https:\/\/www.europesays.com\/se\/wp-json\/wp\/v2\/types\/post"}],"author":[{"embeddable":true,"href":"https:\/\/www.europesays.com\/se\/wp-json\/wp\/v2\/users\/2"}],"replies":[{"embeddable":true,"href":"https:\/\/www.europesays.com\/se\/wp-json\/wp\/v2\/comments?post=137978"}],"version-history":[{"count":0,"href":"https:\/\/www.europesays.com\/se\/wp-json\/wp\/v2\/posts\/137978\/revisions"}],"wp:featuredmedia":[{"embeddable":true,"href":"https:\/\/www.europesays.com\/se\/wp-json\/wp\/v2\/media\/137979"}],"wp:attachment":[{"href":"https:\/\/www.europesays.com\/se\/wp-json\/wp\/v2\/media?parent=137978"}],"wp:term":[{"taxonomy":"category","embeddable":true,"href":"https:\/\/www.europesays.com\/se\/wp-json\/wp\/v2\/categories?post=137978"},{"taxonomy":"post_tag","embeddable":true,"href":"https:\/\/www.europesays.com\/se\/wp-json\/wp\/v2\/tags?post=137978"}],"curies":[{"name":"wp","href":"https:\/\/api.w.org\/{rel}","templated":true}]}}