{"id":137988,"date":"2026-01-16T10:42:08","date_gmt":"2026-01-16T10:42:08","guid":{"rendered":"https:\/\/www.europesays.com\/se\/137988\/"},"modified":"2026-01-16T10:42:08","modified_gmt":"2026-01-16T10:42:08","slug":"stabil-svensk-ekonomi-trots-turbulens","status":"publish","type":"post","link":"https:\/\/www.europesays.com\/se\/137988\/","title":{"rendered":"Stabil svensk ekonomi \u2013 trots turbulens"},"content":{"rendered":"<p>Svensk ekonomi st\u00e5r stabilt trots den turbulens som r\u00e5der i omv\u00e4rlden. Det s\u00e4ger finansminister Elisabeth Svantesson (M) p\u00e5 en presstr\u00e4ff om utvecklingen i svensk ekonomi. <\/p>\n<p>Hon till\u00e4gger att de senaste \u00e5ren efter pandemin har varit tuffa, men indikatorerna f\u00f6r slutet av 2025 pekar mot att \u00e5ret avslutades starkt och att regeringens tillv\u00e4xtprognoser fr\u00e5n december st\u00e5r sig. <\/p>\n<p>Svantesson uppger att regeringens viktigaste uppgift bak\u00e5t har varit att st\u00e4vja den tidigare h\u00f6ga inflationen, men att det nu \u00e4r Riksbankens uppgift att se till att den ligger kring m\u00e5let. Den utdragna l\u00e5gkonjunkturen har ocks\u00e5 lett till en l\u00e5g inhemsk efterfr\u00e5gan och budgeten f\u00f6r 2026 riktar sig bland annat till att ge mer pengar i pl\u00e5nb\u00f6ckerna till svenskarna. <\/p>\n<p>\u2013 Nu m\u00e5ste vi st\u00e4rka k\u00f6pkraften, s\u00e4ger finansministern och till\u00e4gger att l\u00e4get ser b\u00e4ttre ut nu n\u00e4r r\u00e4ntorna g\u00e5tt ner och l\u00f6nerna b\u00f6rjat stiga och att hon k\u00e4nner mer optimism f\u00f6r ekonomin nu \u00e4n f\u00f6r n\u00e5gra m\u00e5nader sedan. <\/p>\n<p>Samtidigt som konjunkturen b\u00f6rjar g\u00e5 \u00e5t r\u00e4tt h\u00e5ll syns ocks\u00e5 sm\u00e5 tecken p\u00e5 att arbetsmarknaden ljusnar. <\/p>\n<p>\u2013 Men det \u00e4r fortfarande m\u00e5nga arbetsl\u00f6sa, s\u00e4ger finansministern. <\/p>\n<p>Omni \u00e4r politiskt obundna och oberoende. Vi str\u00e4var efter att ge fler perspektiv p\u00e5 nyheterna. Har du fr\u00e5gor eller synpunkter kring v\u00e5r rapportering? <a href=\"https:\/\/omni.se\/svantesson-stabil-svensk-ekonomi-trots-turbulens\/a\/mailto:redaktion@omni.se\" class=\"ArticleActions_contactLink__W2F1M\" rel=\"nofollow noopener\" target=\"_blank\">Kontakta redaktionen<\/a><\/p>\n","protected":false},"excerpt":{"rendered":"Svensk ekonomi st\u00e5r stabilt trots den turbulens som r\u00e5der i omv\u00e4rlden. Det s\u00e4ger finansminister Elisabeth Svantesson (M) p\u00e5&hellip;\n","protected":false},"author":2,"featured_media":137989,"comment_status":"","ping_status":"","sticky":false,"template":"","format":"standard","meta":{"footnotes":""},"categories":[65],"tags":[72,70,71,805,324,320,34,31,33,32,30],"class_list":{"0":"post-137988","1":"post","2":"type-post","3":"status-publish","4":"format-standard","5":"has-post-thumbnail","7":"category-ekonomi","8":"tag-business","9":"tag-economy","10":"tag-ekonomi","11":"tag-elisabeth-svantesson","12":"tag-makroekonomi","13":"tag-makroprognoser","14":"tag-se","15":"tag-svenska","16":"tag-sverige","17":"tag-sweden","18":"tag-swedish"},"share_on_mastodon":{"url":"https:\/\/pubeurope.com\/@se\/115904364074312454","error":""},"_links":{"self":[{"href":"https:\/\/www.europesays.com\/se\/wp-json\/wp\/v2\/posts\/137988","targetHints":{"allow":["GET"]}}],"collection":[{"href":"https:\/\/www.europesays.com\/se\/wp-json\/wp\/v2\/posts"}],"about":[{"href":"https:\/\/www.europesays.com\/se\/wp-json\/wp\/v2\/types\/post"}],"author":[{"embeddable":true,"href":"https:\/\/www.europesays.com\/se\/wp-json\/wp\/v2\/users\/2"}],"replies":[{"embeddable":true,"href":"https:\/\/www.europesays.com\/se\/wp-json\/wp\/v2\/comments?post=137988"}],"version-history":[{"count":0,"href":"https:\/\/www.europesays.com\/se\/wp-json\/wp\/v2\/posts\/137988\/revisions"}],"wp:featuredmedia":[{"embeddable":true,"href":"https:\/\/www.europesays.com\/se\/wp-json\/wp\/v2\/media\/137989"}],"wp:attachment":[{"href":"https:\/\/www.europesays.com\/se\/wp-json\/wp\/v2\/media?parent=137988"}],"wp:term":[{"taxonomy":"category","embeddable":true,"href":"https:\/\/www.europesays.com\/se\/wp-json\/wp\/v2\/categories?post=137988"},{"taxonomy":"post_tag","embeddable":true,"href":"https:\/\/www.europesays.com\/se\/wp-json\/wp\/v2\/tags?post=137988"}],"curies":[{"name":"wp","href":"https:\/\/api.w.org\/{rel}","templated":true}]}}