{"id":138021,"date":"2026-01-16T11:10:20","date_gmt":"2026-01-16T11:10:20","guid":{"rendered":"https:\/\/www.europesays.com\/se\/138021\/"},"modified":"2026-01-16T11:10:20","modified_gmt":"2026-01-16T11:10:20","slug":"carl-bildt-efter-lundin-oil-forhoret-ute-i-marginalen","status":"publish","type":"post","link":"https:\/\/www.europesays.com\/se\/138021\/","title":{"rendered":"Carl Bildt efter Lundin Oil-f\u00f6rh\u00f6ret: \u201dUte i marginalen\u201d"},"content":{"rendered":"<p>Publicerad 15 jan 2026 kl 17.27Uppdaterad kl 19.14<\/p>\n<p>Utan oljan hade det inte blivit fred. Det s\u00e4ger Carl Bildt efter att ha f\u00f6rh\u00f6rts i den uppm\u00e4rksammade Lundin Oil-r\u00e4tteg\u00e5ngen.<\/p>\n<p>Samtidigt anklagar en av de m\u00e5ls\u00e4gande den tidigare statsministern f\u00f6r att ljuga.<\/p>\n<p>\u2013 Ett of\u00f6rsk\u00e4mt p\u00e5st\u00e5ende. Jag vittnade under ed, och s\u00e5dant tar man p\u00e5 djupt allvar, s\u00e4ger Bildt.\u00a0<\/p>\n<p>H\u00e4r duckar Carl Bildt fr\u00e5gan fr\u00e5n anh\u00f6rig.<img loading=\"lazy\"   alt=\"\"\/><\/p>\n<p>Carl Bildt f\u00f6rh\u00f6rdes som vittne i Lundin Oil-r\u00e4tteg\u00e5ngen.<\/p>\n<p>Foto: Henrik Montgomery\/TT<\/p>\n<p>\u00d6ppna bild i helsk\u00e4rm<img loading=\"lazy\"   alt=\"\"\/><\/p>\n<p>Bildt anser att \u00e5klagaren inte har satt sig in i \u201dkomplexiteten i hela konfliktbilden\u201d.<\/p>\n<p>Foto: Henrik Montgomery\/TT<\/p>\n<p>\u00d6ppna bild i helsk\u00e4rm<\/p>\n<p>Sal 34 p\u00e5 tredje v\u00e5ningen i Stockholms tingsr\u00e4tt \u00e4r proppfull med \u00e5h\u00f6rare och journalister. Alla \u00e4r d\u00e4r f\u00f6r att lyssna p\u00e5 Carl Bildts vittnesm\u00e5l i \u00e5talet mot <a href=\"https:\/\/www.expressen.se\/nyheter\/lundin-oil-topparnas-liv-under-rattegangen-deras-hakte-ar-grand-hotel\/\" rel=\"nofollow noopener\" target=\"_blank\">Lundin Oil-topparna<\/a> Ian Lundin och Alex Schneiter.\u00a0<\/p>\n<p><a href=\"https:\/\/www.expressen.se\/tagg\/person\/carl-bildt\/\" class=\"\" rel=\"nofollow noopener\" target=\"_blank\">Carl Bildt<\/a> \u00e4r kallad som vittne i rollen som styrelseledamot i oljebolaget mellan 2000 och 2006. Han har i mejl fr\u00e5n 2001 varnat f\u00f6r situationen i landet och \u201durskillningsl\u00f6sa bombningar\u201d.\u00a0<\/p>\n<p>Men under f\u00f6rh\u00f6ret \u00e4r Carl Bildt glasklar med att han tycker att \u00e5talet \u00e4r svagt.<\/p>\n<p>\u2013 Jag ska inte recensera \u00e5klagaren men jag tyckte de var ute i marginalen r\u00e4tt mycket, det m\u00e5ste jag s\u00e4ga.<\/p>\n<p><strong>Tyckte du att de missade n\u00e5got?<\/strong><\/p>\n<p>\u2013 Nej, det vill jag inte s\u00e4ga. De gr\u00e4vde v\u00e4l fram allt de hade utg\u00e5tt fr\u00e5n. Det h\u00e4r var v\u00e4l den skarpaste ammunition de hade. Som s\u00e5dant var det v\u00e4l inte s\u00e5 skarpt.<\/p>\n<p>Fakta: Lundin Oil-r\u00e4tteg\u00e5ngen<\/p>\n<p>\u25a0 Ian Lundin och Alex Schneiter st\u00e5r \u00e5talade f\u00f6r medhj\u00e4lp till grovt folkr\u00e4ttsbrott i Sudan och r\u00e4tteg\u00e5ngen h\u00e5ller p\u00e5 i 2,5 \u00e5r. Bara f\u00f6runders\u00f6kningen \u00e4r p\u00e5 \u00f6ver 80 000 sidor.\u00a0<\/p>\n<p>\u25a0 Topparna, som kategoriskt nekar till alla anklagelser, har enligt \u00e5klagaren bidragit till regimens f\u00f6rdrivning av och krigf\u00f6ring mot civila f\u00f6r att s\u00e4kra det svenska oljebolagets intressen.\u00a0<\/p>\n<p>\u25a0 Milisgrupper kopplade till regimen br\u00e4nde ner byar, flygbombade civila och v\u00e5ldtog kvinnor.\u00a0<\/p>\n<p>\u25a0 D\u00f6dstalet har av m\u00e4nniskor\u00e4ttsorganisationer ber\u00e4knats till omkring 12\u202f000 d\u00f6da och 170\u202f000 f\u00f6rdrivna i omr\u00e5det d\u00e4r Lundin Oil var verksamt.<\/p>\n<p>Visa mer<\/p>\n<p>Carl Bildt s\u00e4ger efter f\u00f6rh\u00f6ret att han inte fick n\u00e5gon klar bild av \u00e5klagarens linje.<\/p>\n<p>\u2013 De har ju inte satt sig in i komplexiteten i hela konfliktbilden. Det tror jag inte att de tycker att de har betalt f\u00f6r. Men min uppfattning \u00e4r att man har mycket sv\u00e5rt att f\u00f6rst\u00e5 enskildheten om man inte ser helheten.<\/p>\n<p>Bytt \u00e5sikt om oljan<\/p>\n<p>I en prelimin\u00e4r rapport fr\u00e5n 2001 skrev en specialrapport\u00f6r att oljan var konfliktens k\u00e4rna och att exploateringen av olja eldade p\u00e5 kriget. N\u00e4r Carl Bildt f\u00e5r h\u00f6ra det i r\u00e4ttssalen s\u00e4ger han att det \u00e4r fel.<\/p>\n<p>\u2013 Det \u00e4r uppenbart fel, konflikten hade p\u00e5g\u00e5tt i trettio \u00e5r innan oljan uppt\u00e4cktes, s\u00e5 detta \u00e4r bevisligen fel.<\/p>\n<p>Men advokat Anders Sj\u00f6gren, m\u00e5ls\u00e4garbitr\u00e4de i m\u00e5let, plockar fram ett mejl som Carl Bildt skickat under samma tid, allts\u00e5 f\u00f6r \u00f6ver tjugo \u00e5r sedan. I det betonar Bildt att han tror att oljan eldar p\u00e5 konflikten och att konflikter \u00f6ver riktiga eller upplevda naturresurser alltid har varit en del av konflikterna i s\u00f6dra Sudan.\u00a0<\/p>\n<p>N\u00e4r Carl Bildt f\u00e5r l\u00e4sa sitt gamla uttalande svarar han \u201dv\u00e4lformulerat, tycker jag\u201d om sitt yngre jags ord.<\/p>\n<p>I dag har han tv\u00e4rv\u00e4nt.<\/p>\n<p>\u2013 Utan oljan hade det inte blivit fred, s\u00e4ger han och forts\u00e4tter.<\/p>\n<p>\u2013 Alla som hade ett intresse av oljan hade f\u00f6rest\u00e4llningen att den skapade rikedom. R\u00e4tt eller fel s\u00e5 hade de ett stort intresse av att utvidga. Det var inte m\u00f6jligt om konflikten fortsatte. Det skapade ett incitament f\u00f6r fred, och medf\u00f6rde ocks\u00e5 att vi fick freden, faktiskt.<\/p>\n<p><strong>\u00c4r din bild att de tilltalade har beg\u00e5tt brott?<\/strong><\/p>\n<p>\u2013 Nej, jag har inte riktigt f\u00f6rst\u00e5tt vad brottet skulle vara. Jag tycker det \u00e4r mycket sv\u00e5rt att se det.<\/p>\n<p>Annons<\/p>\n<p>M\u00e5ls\u00e4ganden: \u201dHan ljuger\u201d<\/p>\n<p>David Lieth Dador \u00e4r en av de m\u00e5ls\u00e4gande i \u00e5talet som fanns p\u00e5 plats under Carl Bildts f\u00f6rh\u00f6r. Han har vittnat om hur civila m\u00f6rdats och tv\u00e5ngsf\u00f6rflyttats, som hans egen familj, f\u00f6r att bygga v\u00e4gar och infrastruktur \u00e5t oljebolag i omr\u00e5det.\u00a0<\/p>\n<p>Dador, som bor i Sverige sedan 2014, \u00e4r tydligt missn\u00f6jd och tycker att Bildt slingrade sig.<\/p>\n<p>\u2013 Han ljuger, tror jag. F\u00f6r att r\u00e4dda sitt eget skinn. Jag tror att han visste mer om brotten mot m\u00e4nskliga r\u00e4ttigheter \u00e4n han s\u00e4ger.<\/p>\n<p><strong>Men han har svurit en vittnesed, du tror \u00e4nd\u00e5 att han ljuger?<\/strong><\/p>\n<p>\u2013 Ja, jag tror att han ljuger.<\/p>\n<p>Bildt nekar best\u00e4mt.\u00a0<\/p>\n<p>\u2013 Ett of\u00f6rsk\u00e4mt p\u00e5st\u00e5ende. Jag vittnade under ed, och s\u00e5dant tar man p\u00e5 djupt allvar.<\/p>\n<p><img alt=\"\"\/>Ljudklippet gick inte att spela upp<\/p>\n<p>F\u00f6rs\u00f6k igen senare<\/p>\n","protected":false},"excerpt":{"rendered":"Publicerad 15 jan 2026 kl 17.27Uppdaterad kl 19.14 Utan oljan hade det inte blivit fred. Det s\u00e4ger Carl&hellip;\n","protected":false},"author":2,"featured_media":138022,"comment_status":"","ping_status":"","sticky":false,"template":"","format":"standard","meta":{"footnotes":""},"categories":[5],"tags":[22,23,26,27,17,21,24,25,28,29,15,16,13840,1879,18,34,154,31,33,32,30,19,136,20],"class_list":{"0":"post-138021","1":"post","2":"type-post","3":"status-publish","4":"format-standard","5":"has-post-thumbnail","7":"category-rubriker","8":"tag-breaking-news","9":"tag-breakingnews","10":"tag-featured-news","11":"tag-featurednews","12":"tag-headlines","13":"tag-huvudnyheter","14":"tag-latest-news","15":"tag-latestnews","16":"tag-main-news","17":"tag-mainnews","18":"tag-news","19":"tag-nyheter","20":"tag-organization-lundin-energy","21":"tag-person-carl-bildt","22":"tag-rubriker","23":"tag-se","24":"tag-sections-sverige","25":"tag-svenska","26":"tag-sverige","27":"tag-sweden","28":"tag-swedish","29":"tag-top-stories","30":"tag-topic-rattegangar-domar","31":"tag-topstories"},"share_on_mastodon":{"url":"https:\/\/pubeurope.com\/@se\/115904474186566968","error":""},"_links":{"self":[{"href":"https:\/\/www.europesays.com\/se\/wp-json\/wp\/v2\/posts\/138021","targetHints":{"allow":["GET"]}}],"collection":[{"href":"https:\/\/www.europesays.com\/se\/wp-json\/wp\/v2\/posts"}],"about":[{"href":"https:\/\/www.europesays.com\/se\/wp-json\/wp\/v2\/types\/post"}],"author":[{"embeddable":true,"href":"https:\/\/www.europesays.com\/se\/wp-json\/wp\/v2\/users\/2"}],"replies":[{"embeddable":true,"href":"https:\/\/www.europesays.com\/se\/wp-json\/wp\/v2\/comments?post=138021"}],"version-history":[{"count":0,"href":"https:\/\/www.europesays.com\/se\/wp-json\/wp\/v2\/posts\/138021\/revisions"}],"wp:featuredmedia":[{"embeddable":true,"href":"https:\/\/www.europesays.com\/se\/wp-json\/wp\/v2\/media\/138022"}],"wp:attachment":[{"href":"https:\/\/www.europesays.com\/se\/wp-json\/wp\/v2\/media?parent=138021"}],"wp:term":[{"taxonomy":"category","embeddable":true,"href":"https:\/\/www.europesays.com\/se\/wp-json\/wp\/v2\/categories?post=138021"},{"taxonomy":"post_tag","embeddable":true,"href":"https:\/\/www.europesays.com\/se\/wp-json\/wp\/v2\/tags?post=138021"}],"curies":[{"name":"wp","href":"https:\/\/api.w.org\/{rel}","templated":true}]}}