{"id":138023,"date":"2026-01-16T11:12:07","date_gmt":"2026-01-16T11:12:07","guid":{"rendered":"https:\/\/www.europesays.com\/se\/138023\/"},"modified":"2026-01-16T11:12:07","modified_gmt":"2026-01-16T11:12:07","slug":"djurgarden-straffas-efter-pyroteknik","status":"publish","type":"post","link":"https:\/\/www.europesays.com\/se\/138023\/","title":{"rendered":"Djurg\u00e5rden straffas &#8211; efter pyroteknik"},"content":{"rendered":"<p><strong>Under resten av grundserien f\u00e5r <a href=\"https:\/\/hockeysverige.se\/klubb\/djurgardens-if-hockey\/\" rel=\"nofollow noopener\" target=\"_blank\">Djurg\u00e5rden<\/a> ett f\u00f6rbud mot s\u00e5 kallade supporterartiklar p\u00e5 bortaplan. Det efter att pyrotekniska pj\u00e4ser ant\u00e4ndes p\u00e5 l\u00e4ktaren borta mot <a href=\"https:\/\/hockeysverige.se\/klubb\/hv71\/\" rel=\"nofollow noopener\" target=\"_blank\">HV71<\/a>.<\/strong><\/p>\n<p><img loading=\"lazy\" decoding=\"async\" width=\"1024\" height=\"658\" src=\"https:\/\/www.europesays.com\/se\/wp-content\/uploads\/2026\/01\/Djurgarden-pyro-1024x658.webp.webp\" alt=\"\" class=\"wp-image-346088\"  \/>Djurg\u00e5rdens supportar med pyroteknik inf\u00f6r ishockeymatchen i SHL mellan HV71 och Djurg\u00e5rden den 20 december 2025 i J\u00f6nk\u00f6ping. <br \/>Foto: Mathias Bergeld \/ Bildbyr\u00e5n.<\/p>\n<p>Djurg\u00e5rden <a href=\"https:\/\/www.difhockey.se\/article\/90eat8y-1lead\/view\" rel=\"nofollow noopener\" target=\"_blank\">straffas \u00e5nyo<\/a> efter pyroteknik p\u00e5 st\u00e5platsl\u00e4ktaren. Det efter att det den 20 december ant\u00e4nts pyrotekniska pj\u00e4ser p\u00e5 bortal\u00e4ktaren i J\u00f6nk\u00f6ping. Nu st\u00e5r det klart att stockholmarna inte kommer att f\u00e5 anv\u00e4nda n\u00e5gra s\u00e5 kallade supporterartiklar p\u00e5 de bortamatcher som \u00e4r kvar av grundserien.<\/p>\n<p>Det innefattar overheadflaggor, banderoller, flaggor p\u00e5 pinnar samt tygstycken, pappersark och liknande material.<\/p>\n<p>F\u00f6rbudet g\u00e4ller fr\u00e5n och med n\u00e4sta bortamatch mot Bryn\u00e4s den 22 januari, till och med den sista bortamatchen mot Fr\u00f6lunda den tolfte mars. F\u00f6rra s\u00e4songen fick Djurg\u00e5rden ett tio matchers l\u00e5ngt f\u00f6rbud n\u00e4r man var i Hockeyallsvenskan. Och nu \u00e4r det allts\u00e5 dags igen. Motiveringen till beslutet \u00e4r att supportrarna som anv\u00e4nder pyroteknik inte ska kunna maskera sig under flaggor eller andra tygstycken.<\/p>\n<p>Kritiken mot den h\u00e4r typen av straff har handlat om kollektiv bestraffning. Att ett helt supporterg\u00e4ng blir straffade av en eller ett par personers uppt\u00e5g. Debatten om kollektiv bestraffning har g\u00e5tt varm b\u00e5de inom ishockeyn och fotbollen<\/p>\n<p>Djurg\u00e5rden ligger just nu \u00e5tta i SHL-tabellen men \u00e4r inne i en riktig formsvacka. P\u00e5 l\u00f6rdag v\u00e4ntar Fr\u00f6lunda hemma d\u00e4r man har chansen att bryta trenden.<\/p>\n<p> Source: <a href=\"https:\/\/www.eliteprospects.com\/league\/shl\" target=\"_blank\" rel=\"noopener noreferrer nofollow\">SHL League Page<\/a> @ Elite Prospects<\/p>\n","protected":false},"excerpt":{"rendered":"Under resten av grundserien f\u00e5r Djurg\u00e5rden ett f\u00f6rbud mot s\u00e5 kallade supporterartiklar p\u00e5 bortaplan. Det efter att pyrotekniska&hellip;\n","protected":false},"author":2,"featured_media":138024,"comment_status":"","ping_status":"","sticky":false,"template":"","format":"standard","meta":{"footnotes":""},"categories":[68],"tags":[34,133,134,111,110,31,33,32,30],"class_list":{"0":"post-138023","1":"post","2":"type-post","3":"status-publish","4":"format-standard","5":"has-post-thumbnail","7":"category-sport","8":"tag-se","9":"tag-second-news","10":"tag-shl","11":"tag-sport","12":"tag-sports","13":"tag-svenska","14":"tag-sverige","15":"tag-sweden","16":"tag-swedish"},"share_on_mastodon":{"url":"https:\/\/pubeurope.com\/@se\/115904482162814612","error":""},"_links":{"self":[{"href":"https:\/\/www.europesays.com\/se\/wp-json\/wp\/v2\/posts\/138023","targetHints":{"allow":["GET"]}}],"collection":[{"href":"https:\/\/www.europesays.com\/se\/wp-json\/wp\/v2\/posts"}],"about":[{"href":"https:\/\/www.europesays.com\/se\/wp-json\/wp\/v2\/types\/post"}],"author":[{"embeddable":true,"href":"https:\/\/www.europesays.com\/se\/wp-json\/wp\/v2\/users\/2"}],"replies":[{"embeddable":true,"href":"https:\/\/www.europesays.com\/se\/wp-json\/wp\/v2\/comments?post=138023"}],"version-history":[{"count":0,"href":"https:\/\/www.europesays.com\/se\/wp-json\/wp\/v2\/posts\/138023\/revisions"}],"wp:featuredmedia":[{"embeddable":true,"href":"https:\/\/www.europesays.com\/se\/wp-json\/wp\/v2\/media\/138024"}],"wp:attachment":[{"href":"https:\/\/www.europesays.com\/se\/wp-json\/wp\/v2\/media?parent=138023"}],"wp:term":[{"taxonomy":"category","embeddable":true,"href":"https:\/\/www.europesays.com\/se\/wp-json\/wp\/v2\/categories?post=138023"},{"taxonomy":"post_tag","embeddable":true,"href":"https:\/\/www.europesays.com\/se\/wp-json\/wp\/v2\/tags?post=138023"}],"curies":[{"name":"wp","href":"https:\/\/api.w.org\/{rel}","templated":true}]}}