{"id":138031,"date":"2026-01-16T11:18:39","date_gmt":"2026-01-16T11:18:39","guid":{"rendered":"https:\/\/www.europesays.com\/se\/138031\/"},"modified":"2026-01-16T11:18:39","modified_gmt":"2026-01-16T11:18:39","slug":"stabil-ekonomi-trots-trump-oro","status":"publish","type":"post","link":"https:\/\/www.europesays.com\/se\/138031\/","title":{"rendered":"\u201dStabil ekonomi \u2013 trots Trump-oro\u201d"},"content":{"rendered":"<p>Svantessons grundackord om den svenska ekonomin g\u00e5r i dur. Hon pekar p\u00e5 att indikatorer sex m\u00e5nader p\u00e5 raken nu har visat att optimismen stiger bland hush\u00e5ll och f\u00f6retag, om \u00e4n p\u00e5 lite olika vis. Och den svenska ekonomin \u00e4r \u201dv\u00e4ldigt stabil\u201d, h\u00e4vdar hon.<\/p>\n<p>\u2013 Och det trots en amerikansk president som vi inte vet vad han ska g\u00f6ra i morgon, kriget i v\u00e5rt n\u00e4romr\u00e5de och annat i omv\u00e4rldsl\u00e4get, s\u00e4ger Svantesson.<\/p>\n","protected":false},"excerpt":{"rendered":"Svantessons grundackord om den svenska ekonomin g\u00e5r i dur. Hon pekar p\u00e5 att indikatorer sex m\u00e5nader p\u00e5 raken&hellip;\n","protected":false},"author":2,"featured_media":138032,"comment_status":"","ping_status":"","sticky":false,"template":"","format":"standard","meta":{"footnotes":""},"categories":[5],"tags":[22,23,26,27,17,21,24,25,28,29,15,16,18,34,31,33,32,30,19,20],"class_list":{"0":"post-138031","1":"post","2":"type-post","3":"status-publish","4":"format-standard","5":"has-post-thumbnail","7":"category-rubriker","8":"tag-breaking-news","9":"tag-breakingnews","10":"tag-featured-news","11":"tag-featurednews","12":"tag-headlines","13":"tag-huvudnyheter","14":"tag-latest-news","15":"tag-latestnews","16":"tag-main-news","17":"tag-mainnews","18":"tag-news","19":"tag-nyheter","20":"tag-rubriker","21":"tag-se","22":"tag-svenska","23":"tag-sverige","24":"tag-sweden","25":"tag-swedish","26":"tag-top-stories","27":"tag-topstories"},"share_on_mastodon":{"url":"https:\/\/pubeurope.com\/@se\/115904505614501761","error":""},"_links":{"self":[{"href":"https:\/\/www.europesays.com\/se\/wp-json\/wp\/v2\/posts\/138031","targetHints":{"allow":["GET"]}}],"collection":[{"href":"https:\/\/www.europesays.com\/se\/wp-json\/wp\/v2\/posts"}],"about":[{"href":"https:\/\/www.europesays.com\/se\/wp-json\/wp\/v2\/types\/post"}],"author":[{"embeddable":true,"href":"https:\/\/www.europesays.com\/se\/wp-json\/wp\/v2\/users\/2"}],"replies":[{"embeddable":true,"href":"https:\/\/www.europesays.com\/se\/wp-json\/wp\/v2\/comments?post=138031"}],"version-history":[{"count":0,"href":"https:\/\/www.europesays.com\/se\/wp-json\/wp\/v2\/posts\/138031\/revisions"}],"wp:featuredmedia":[{"embeddable":true,"href":"https:\/\/www.europesays.com\/se\/wp-json\/wp\/v2\/media\/138032"}],"wp:attachment":[{"href":"https:\/\/www.europesays.com\/se\/wp-json\/wp\/v2\/media?parent=138031"}],"wp:term":[{"taxonomy":"category","embeddable":true,"href":"https:\/\/www.europesays.com\/se\/wp-json\/wp\/v2\/categories?post=138031"},{"taxonomy":"post_tag","embeddable":true,"href":"https:\/\/www.europesays.com\/se\/wp-json\/wp\/v2\/tags?post=138031"}],"curies":[{"name":"wp","href":"https:\/\/api.w.org\/{rel}","templated":true}]}}