{"id":138033,"date":"2026-01-16T11:20:06","date_gmt":"2026-01-16T11:20:06","guid":{"rendered":"https:\/\/www.europesays.com\/se\/138033\/"},"modified":"2026-01-16T11:20:06","modified_gmt":"2026-01-16T11:20:06","slug":"djurgarden-straffas-resten-av-sasongen-shl","status":"publish","type":"post","link":"https:\/\/www.europesays.com\/se\/138033\/","title":{"rendered":"Djurg\u00e5rden straffas resten av s\u00e4songen | SHL"},"content":{"rendered":"<p>Publicerad 16 jan 2026 kl 10.22Uppdaterad kl 12.12<\/p>\n<p>HV71-Djurg\u00e5rden i december f\u00f6rsenades p\u00e5 grund av pyroteknik p\u00e5 bortasektionen.<\/p>\n<p>Nu tilldelas Djurg\u00e5rden ett sju matcher l\u00e5ngt straff efter incidenten i Husqvarna Garden.\u00a0<\/p>\n<p><img   alt=\"\"\/><\/p>\n<p>Djurg\u00e5rdens supportar med pyroteknik inf\u00f6r matchen mot HV71.<\/p>\n<p>Foto: MATHIAS BERGELD \/ BILDBYR\u00c5N<\/p>\n<p>\u00d6ppna bild i helsk\u00e4rm<\/p>\n<p>Det r\u00f6r sig om ett f\u00f6rbud av supporterartiklar \u2013 overheadflaggor, banderoller, flaggor, pappersark och liknande material \u2013 som kommer g\u00e4lla f\u00f6r Djurg\u00e5rdens bortasupportrar fram till 12 mars.\u00a0<\/p>\n<p>Eftersom grundserien tar slut 14 mars och Djurg\u00e5rden spelar hemmamatch d\u00e5 inneb\u00e4r det att straffet str\u00e4cker sig \u00f6ver hela den ordinarie s\u00e4songen.<\/p>\n<p>D\u00e5 tr\u00e4der f\u00f6rbudet i kraft<\/p>\n<p>Det var i matchen mellan <a href=\"https:\/\/www.expressen.se\/tagg\/organization\/hv71\/\" class=\"\" rel=\"nofollow noopener\" target=\"_blank\">HV71<\/a> och Djurg\u00e5rden 20 december som bortasektionen ant\u00e4nde ett flertal blinkbengaler inf\u00f6r match varp\u00e5 en anm\u00e4lan uppr\u00e4ttades mot Djurg\u00e5rden.\u00a0<\/p>\n<p>Under fredagsf\u00f6rmiddagen kommunicerade Stockholmsklubben att f\u00f6rbudet kommer tr\u00e4da i kraft 22 januari, n\u00e4r Djurg\u00e5rden m\u00f6ter Bryn\u00e4s, och str\u00e4cka sig \u00f6ver de kommande sju bortamatcherna.\u00a0<\/p>\n","protected":false},"excerpt":{"rendered":"Publicerad 16 jan 2026 kl 10.22Uppdaterad kl 12.12 HV71-Djurg\u00e5rden i december f\u00f6rsenades p\u00e5 grund av pyroteknik p\u00e5 bortasektionen.&hellip;\n","protected":false},"author":2,"featured_media":138034,"comment_status":"","ping_status":"","sticky":false,"template":"","format":"standard","meta":{"footnotes":""},"categories":[68],"tags":[814,1354,1179,34,255,823,111,110,31,33,32,30],"class_list":{"0":"post-138033","1":"post","2":"type-post","3":"status-publish","4":"format-standard","5":"has-post-thumbnail","7":"category-sport","8":"tag-organization-djurgarden-hockey","9":"tag-organization-hv71","10":"tag-organization-shl","11":"tag-se","12":"tag-sections-ishockey","13":"tag-sections-shl","14":"tag-sport","15":"tag-sports","16":"tag-svenska","17":"tag-sverige","18":"tag-sweden","19":"tag-swedish"},"share_on_mastodon":{"url":"https:\/\/pubeurope.com\/@se\/115904513605356221","error":""},"_links":{"self":[{"href":"https:\/\/www.europesays.com\/se\/wp-json\/wp\/v2\/posts\/138033","targetHints":{"allow":["GET"]}}],"collection":[{"href":"https:\/\/www.europesays.com\/se\/wp-json\/wp\/v2\/posts"}],"about":[{"href":"https:\/\/www.europesays.com\/se\/wp-json\/wp\/v2\/types\/post"}],"author":[{"embeddable":true,"href":"https:\/\/www.europesays.com\/se\/wp-json\/wp\/v2\/users\/2"}],"replies":[{"embeddable":true,"href":"https:\/\/www.europesays.com\/se\/wp-json\/wp\/v2\/comments?post=138033"}],"version-history":[{"count":0,"href":"https:\/\/www.europesays.com\/se\/wp-json\/wp\/v2\/posts\/138033\/revisions"}],"wp:featuredmedia":[{"embeddable":true,"href":"https:\/\/www.europesays.com\/se\/wp-json\/wp\/v2\/media\/138034"}],"wp:attachment":[{"href":"https:\/\/www.europesays.com\/se\/wp-json\/wp\/v2\/media?parent=138033"}],"wp:term":[{"taxonomy":"category","embeddable":true,"href":"https:\/\/www.europesays.com\/se\/wp-json\/wp\/v2\/categories?post=138033"},{"taxonomy":"post_tag","embeddable":true,"href":"https:\/\/www.europesays.com\/se\/wp-json\/wp\/v2\/tags?post=138033"}],"curies":[{"name":"wp","href":"https:\/\/api.w.org\/{rel}","templated":true}]}}