{"id":138055,"date":"2026-01-16T11:42:21","date_gmt":"2026-01-16T11:42:21","guid":{"rendered":"https:\/\/www.europesays.com\/se\/138055\/"},"modified":"2026-01-16T11:42:21","modified_gmt":"2026-01-16T11:42:21","slug":"tv-polisen-om-forsandelsen-pulvret-ofarligt-ostersunds-posten","status":"publish","type":"post","link":"https:\/\/www.europesays.com\/se\/138055\/","title":{"rendered":"TV: Polisen om f\u00f6rs\u00e4ndelsen: Pulvret ofarligt &#8211; \u00d6stersunds-Posten"},"content":{"rendered":"<ol>\n<li><a href=\"https:\/\/news.google.com\/rss\/articles\/CBMidkFVX3lxTE0ySGNvaUlOU1hhdVRGR2VtQ0xlZlFmNGlqWWI0RVNDWUZwTW1OMF8xVFJkNExicUhWRm5YZ252UU8xekxsbWF1TktXaDBTX3JQSVBZV3p2aWstNHJTR0k5U0wxRG5QZW44Ylg1a2RXWHZLMTROMmc?oc=5\" target=\"_blank\" rel=\"nofollow noopener\">TV: Polisen om f\u00f6rs\u00e4ndelsen: Pulvret ofarligt<\/a>&nbsp;&nbsp;\u00d6stersunds-Posten<\/li>\n<li><a href=\"https:\/\/news.google.com\/rss\/articles\/CBMihgFBVV95cUxOZEoxRVhxQVZxWlZaMGZ4UWNBSEJpWlduaUhYd1BTenFmelZXSi1iWGM0a2o0ZUpKVzRXSUlnLXFsalJVYXVCSkltU3A4OTNSbE1lQVJFb2ROODBkU2pxS1hNOHFFR0xtbnBoa1FBbERTRzNScXc4NFEyaVRzdGVqeFNJTmpnZw?oc=5\" target=\"_blank\" rel=\"nofollow noopener\">Nyheter fr\u00e5n dagen: 15 januari<\/a>&nbsp;&nbsp;SVT Nyheter<\/li>\n<li><a href=\"https:\/\/news.google.com\/rss\/articles\/CBMingFBVV95cUxPRW9vUGZUX09ETWVxTDZ6eFlpc29fdDlZNzJ3U0dSZVdxN0s1S1BMZ0x2R1RQUk80RnRiU2cyVFNsaGs4dWxoblJFQnV5MGYzRjk3R2loMHhvZWk5ZTE2VkhtZ0hUV29PdEVaRlNoemtPdk5ZNnByMDR3NGhFdS1oYlp0MXFZNW9qWHUyZTQzMThLem56WUlTcXFEemlyUQ?oc=5\" target=\"_blank\" rel=\"nofollow noopener\">Brev med ok\u00e4nt pulver hos f\u00f6retag \u2013 insatsen avslutad<\/a>&nbsp;&nbsp;Sveriges Radio<\/li>\n<li><a href=\"https:\/\/news.google.com\/rss\/articles\/CBMimgFBVV95cUxOLTdoNGZPN295TExoWTFXWVBuYi1HYTJKaVhTU2ZlV2FxbGI1WUFwUGVGSlotMndXREhHNjVxTFgyR0VZYnRLVnB1akJsMlRiY3hUc2lrTmc5dWJWU3FkNEt3Ums4RmRwZjBnczRkd3VZZWVWNlQzenRyNWs4angzdVBNR3ZZN0M2b215Tk9CZ0tRa2R5SC11VkhR?oc=5\" target=\"_blank\" rel=\"nofollow noopener\">Larm om ok\u00e4nt pulver p\u00e5 F\u00f6rs\u00e4kringskassan i Lugnvik<\/a>&nbsp;&nbsp;SVT Nyheter<\/li>\n<li><a href=\"https:\/\/news.google.com\/rss\/articles\/CBMidEFVX3lxTE53UXNCQ0YxVG1OX01SYWs4SjQ0VmloR280TS1URHlWeVZmckEyZGpNbFJnUm9YY0tGX3RMN2dxcEZVSWdSYTdVRE9KRjFhdE5LS3JPdVFmQy0yT3RqOVlydGhkNDgtVXNvS0RUaEY5UkxGUkgx?oc=5\" target=\"_blank\" rel=\"nofollow noopener\">Larm om ok\u00e4nt pulver \u2013 personal utrymd<\/a>&nbsp;&nbsp;\u00d6stersunds-Posten<\/li>\n<\/ol>\n","protected":false},"excerpt":{"rendered":"TV: Polisen om f\u00f6rs\u00e4ndelsen: Pulvret ofarligt&nbsp;&nbsp;\u00d6stersunds-Posten Nyheter fr\u00e5n dagen: 15 januari&nbsp;&nbsp;SVT Nyheter Brev med ok\u00e4nt pulver hos f\u00f6retag&hellip;\n","protected":false},"author":2,"featured_media":138056,"comment_status":"","ping_status":"","sticky":false,"template":"","format":"standard","meta":{"footnotes":""},"categories":[5],"tags":[22,23,26,27,17,21,24,25,28,29,15,16,18,34,31,33,32,30,19,20],"class_list":{"0":"post-138055","1":"post","2":"type-post","3":"status-publish","4":"format-standard","5":"has-post-thumbnail","7":"category-rubriker","8":"tag-breaking-news","9":"tag-breakingnews","10":"tag-featured-news","11":"tag-featurednews","12":"tag-headlines","13":"tag-huvudnyheter","14":"tag-latest-news","15":"tag-latestnews","16":"tag-main-news","17":"tag-mainnews","18":"tag-news","19":"tag-nyheter","20":"tag-rubriker","21":"tag-se","22":"tag-svenska","23":"tag-sverige","24":"tag-sweden","25":"tag-swedish","26":"tag-top-stories","27":"tag-topstories"},"share_on_mastodon":{"url":"https:\/\/pubeurope.com\/@se\/115904600029948403","error":""},"_links":{"self":[{"href":"https:\/\/www.europesays.com\/se\/wp-json\/wp\/v2\/posts\/138055","targetHints":{"allow":["GET"]}}],"collection":[{"href":"https:\/\/www.europesays.com\/se\/wp-json\/wp\/v2\/posts"}],"about":[{"href":"https:\/\/www.europesays.com\/se\/wp-json\/wp\/v2\/types\/post"}],"author":[{"embeddable":true,"href":"https:\/\/www.europesays.com\/se\/wp-json\/wp\/v2\/users\/2"}],"replies":[{"embeddable":true,"href":"https:\/\/www.europesays.com\/se\/wp-json\/wp\/v2\/comments?post=138055"}],"version-history":[{"count":0,"href":"https:\/\/www.europesays.com\/se\/wp-json\/wp\/v2\/posts\/138055\/revisions"}],"wp:featuredmedia":[{"embeddable":true,"href":"https:\/\/www.europesays.com\/se\/wp-json\/wp\/v2\/media\/138056"}],"wp:attachment":[{"href":"https:\/\/www.europesays.com\/se\/wp-json\/wp\/v2\/media?parent=138055"}],"wp:term":[{"taxonomy":"category","embeddable":true,"href":"https:\/\/www.europesays.com\/se\/wp-json\/wp\/v2\/categories?post=138055"},{"taxonomy":"post_tag","embeddable":true,"href":"https:\/\/www.europesays.com\/se\/wp-json\/wp\/v2\/tags?post=138055"}],"curies":[{"name":"wp","href":"https:\/\/api.w.org\/{rel}","templated":true}]}}