{"id":138057,"date":"2026-01-16T11:44:16","date_gmt":"2026-01-16T11:44:16","guid":{"rendered":"https:\/\/www.europesays.com\/se\/138057\/"},"modified":"2026-01-16T11:44:16","modified_gmt":"2026-01-16T11:44:16","slug":"1-0-seger-for-ny-islanders-mot-edmonton","status":"publish","type":"post","link":"https:\/\/www.europesays.com\/se\/138057\/","title":{"rendered":"1\u20130-seger f\u00f6r NY Islanders mot Edmonton"},"content":{"rendered":"<ul>\n<li><b>NY Islanders segrade \u2013 1\u20130 mot <a href=\"https:\/\/hockeysverige.se\/klubb\/edmonton-oilers\/\" rel=\"nofollow noopener\" target=\"_blank\">Edmonton<\/a><\/b><\/li>\n<li><b>Anthony Duclair matchvinnare f\u00f6r NY Islanders<\/b><\/li>\n<li><b>Andra f\u00f6rlusten i f\u00f6ljd f\u00f6r Edmonton<\/b><\/li>\n<\/ul>\n<p>Det var tv\u00e5 topplag som m\u00f6ttes i NHL p\u00e5 fredagen. Och det slutade med seger f\u00f6r NY Islanders, som besegrade Edmonton borta med 1\u20130 (0\u20130, 0\u20130, 1\u20130).<\/p>\n<p>Det h\u00e4r ger dock inga f\u00f6r\u00e4ndringar i tabellen. Edmonton ligger kvar p\u00e5 andra plats i tabellen och NY Islanders p\u00e5 andra plats.<\/p>\n<p>Segerm\u00e5let f\u00f6r NY Islanders stod Anthony Duclair f\u00f6r 13.42 in i tredje perioden.<\/p>\n<p>Det h\u00e4r var sjunde g\u00e5ngen den h\u00e4r s\u00e4songen som NY Islanders h\u00f6ll nollan.<\/p>\n<p>Calgary n\u00e4sta f\u00f6r NY Islanders<\/p>\n<p>Edmonton har tv\u00e5 vinster och tre f\u00f6rluster och 14\u201313 i m\u00e5lskillnad p\u00e5 de senaste fem matcherna medan NY Islanders har tre vinster och tv\u00e5 f\u00f6rluster och 19\u201310 i m\u00e5lskillnad.<\/p>\n<p>Lagens f\u00f6rsta m\u00f6te f\u00f6r s\u00e4songen vann NY Islanders med 4\u20132.<\/p>\n<p>I n\u00e4sta match m\u00f6ter Edmonton <a href=\"https:\/\/hockeysverige.se\/klubb\/vancouver-canucks\/\" rel=\"nofollow noopener\" target=\"_blank\">Vancouver<\/a> borta p\u00e5 s\u00f6ndag 18 januari 04.00. NY Islanders m\u00f6ter <a href=\"https:\/\/hockeysverige.se\/klubb\/calgary-flames\/\" rel=\"nofollow noopener\" target=\"_blank\">Calgary<\/a> l\u00f6rdag 17 januari 21.00 borta.<\/p>\n<p><b>Edmonton\u2013NY Islanders 0\u20131 (0\u20130, 0\u20130, 0\u20131)<\/b><\/p>\n<p><b>NHL, Rogers Place<\/b><\/p>\n<p><b>Tredje perioden:<\/b> 0\u20131 (53.42) Anthony Duclair (Calum Ritchie, Mathew Barzal).<\/p>\n<p><b>Form senaste fem matcherna (segrar-1 po\u00e4ng-f\u00f6rluster):<\/b><\/p>\n<p><b>Edmonton:<\/b> 2-2-1<\/p>\n<p><b>NY Islanders:<\/b> 3-1-1<\/p>\n<p><b>N\u00e4sta match:<\/b><\/p>\n<p><b>Edmonton:<\/b> Vancouver Canucks, borta, 18 januari 04.00<\/p>\n<p><b>NY Islanders:<\/b> Calgary Flames, borta, 17 januari 21.00<\/p>\n","protected":false},"excerpt":{"rendered":"NY Islanders segrade \u2013 1\u20130 mot Edmonton Anthony Duclair matchvinnare f\u00f6r NY Islanders Andra f\u00f6rlusten i f\u00f6ljd f\u00f6r&hellip;\n","protected":false},"author":2,"featured_media":138058,"comment_status":"","ping_status":"","sticky":false,"template":"","format":"standard","meta":{"footnotes":""},"categories":[68],"tags":[247,34,133,111,110,31,33,32,30],"class_list":{"0":"post-138057","1":"post","2":"type-post","3":"status-publish","4":"format-standard","5":"has-post-thumbnail","7":"category-sport","8":"tag-nhl","9":"tag-se","10":"tag-second-news","11":"tag-sport","12":"tag-sports","13":"tag-svenska","14":"tag-sverige","15":"tag-sweden","16":"tag-swedish"},"share_on_mastodon":{"url":"https:\/\/pubeurope.com\/@se\/115904607866742096","error":""},"_links":{"self":[{"href":"https:\/\/www.europesays.com\/se\/wp-json\/wp\/v2\/posts\/138057","targetHints":{"allow":["GET"]}}],"collection":[{"href":"https:\/\/www.europesays.com\/se\/wp-json\/wp\/v2\/posts"}],"about":[{"href":"https:\/\/www.europesays.com\/se\/wp-json\/wp\/v2\/types\/post"}],"author":[{"embeddable":true,"href":"https:\/\/www.europesays.com\/se\/wp-json\/wp\/v2\/users\/2"}],"replies":[{"embeddable":true,"href":"https:\/\/www.europesays.com\/se\/wp-json\/wp\/v2\/comments?post=138057"}],"version-history":[{"count":0,"href":"https:\/\/www.europesays.com\/se\/wp-json\/wp\/v2\/posts\/138057\/revisions"}],"wp:featuredmedia":[{"embeddable":true,"href":"https:\/\/www.europesays.com\/se\/wp-json\/wp\/v2\/media\/138058"}],"wp:attachment":[{"href":"https:\/\/www.europesays.com\/se\/wp-json\/wp\/v2\/media?parent=138057"}],"wp:term":[{"taxonomy":"category","embeddable":true,"href":"https:\/\/www.europesays.com\/se\/wp-json\/wp\/v2\/categories?post=138057"},{"taxonomy":"post_tag","embeddable":true,"href":"https:\/\/www.europesays.com\/se\/wp-json\/wp\/v2\/tags?post=138057"}],"curies":[{"name":"wp","href":"https:\/\/api.w.org\/{rel}","templated":true}]}}