{"id":138061,"date":"2026-01-16T11:50:07","date_gmt":"2026-01-16T11:50:07","guid":{"rendered":"https:\/\/www.europesays.com\/se\/138061\/"},"modified":"2026-01-16T11:50:07","modified_gmt":"2026-01-16T11:50:07","slug":"tig-och-hoppas-elefanten-missar-porslinet","status":"publish","type":"post","link":"https:\/\/www.europesays.com\/se\/138061\/","title":{"rendered":"Tig och hoppas elefanten missar porslinet"},"content":{"rendered":"<p>Elefanten i rummet var huvudperson p\u00e5 \u00e5rets Folk och f\u00f6rsvar. Det blev en l\u00e4tt surrealistisk konferens, konstaterar Viktor Barth-Kron.<\/p>\n<p><img   alt=\"\"\/><\/p>\n<p>USA:s president Donald Trump.<\/p>\n<p>Foto: GRIPAS YURI \/ STELLA PICTURES<\/p>\n<p>\u00d6ppna bild i helsk\u00e4rm<\/p>\n<p>Detta \u00e4r en kommenterande text. Analys och st\u00e4llningstaganden \u00e4r skribentens.<\/p>\n<p><img   alt=\"\"\/>Viktor Barth-Kron<\/p>\n<p>Som vanligt pratades det mycket om mycket p\u00e5 Folk och f\u00f6rsvars rikskonferens i S\u00e4len, men fascinerande lite om det enda som folk faktiskt t\u00e4nkte p\u00e5.<\/p>\n<p>Den orangef\u00e4rgade elefanten stod ju inte bara mitt i rummet, den d\u00f6k ocks\u00e5 upp p\u00e5 tv-sk\u00e4rmar och pushnotiser konferensdagarna igenom.<\/p>\n<p><strong>Det \u00e4r mindre \u00e4n tv\u00e5 \u00e5r sedan Sverige \u00e5kte till Washington f\u00f6r att s\u00e4tta punkt f\u00f6r 200 \u00e5rs alliansfrihet och tr\u00e4da in i den nordatlantiska alliansen.<\/strong><\/p>\n<p>D\u00e5 hette presidenten <strong>Joe Biden<\/strong> \u2013 en f\u00f6rvisso skr\u00f6plig men \u00e4nd\u00e5 progressiv politiker, formad av kalla kriget, med varma k\u00e4nslor f\u00f6r Europa och en bildsk\u00f6n utrikesminister som spelade gitarr till \u201dKeep on rockin\u2019 in the free world\u201d p\u00e5 k\u00e4llarbarer i Kiev.<\/p>\n<p>Numera \u00e4r det, hur ska vi s\u00e4ga \u2013 lite annorlunda.<\/p>\n<blockquote><p>Inte ens de gamla Natokritikerna vill ha med \u00e4mnet att g\u00f6ra<\/p><\/blockquote>\n<p>Den nuvarande presidenten drivs av \u00f6ppet f\u00f6rakt mot Europa, anser att Rysslands anfallskrig \u00e4r Ukrainas fel och tycker att <a href=\"https:\/\/www.expressen.se\/tagg\/organization\/nato\/\" class=\"\" rel=\"nofollow noopener\" target=\"_blank\">Nato<\/a> borde hj\u00e4lpa USA att annektera danskt territorium.<\/p>\n<p>Det sista \u00e4r n\u00e4mligen \u201dpsykologiskt viktigt\u201d f\u00f6r honom.<\/p>\n<p>Presidenten \u00e4r heller ingen ensam galning. F\u00f6rra g\u00e5ngen han satt i Vita huset omgav sig <strong>Donald Trump<\/strong> med r\u00e5dgivare och ministrar av den gamla republikanska skolan. Den h\u00e4r g\u00e5ngen kommer han med ett team som f\u00e5r presidenten sj\u00e4lv att framst\u00e5 som en mysfarbror.\u00a0<\/p>\n<p><strong>Eftersom det svenska huvudargumentet f\u00f6r att g\u00e5 med i Nato var att f\u00e5 hamna under USA:s milit\u00e4ra paraply v\u00e4cker allt det h\u00e4r en del fr\u00e5gor.<\/strong><\/p>\n<p>Som vi dock inte ska prata om.<\/p>\n<p>Den gamle gymnasten <strong>Ulf Kristersson<\/strong> gjorde retoriska piruetter och slog volter runt \u00e4mnet. <strong>Magdalena Andersson<\/strong> simmade i cirklar kring den heta gr\u00f6ten, med milit\u00e4rledningen i sl\u00e4pt\u00e5g.<\/p>\n<p>Kursen ligger fast. Vi har fullt f\u00f6rtroende b\u00e5de f\u00f6r artikel fem och f\u00f6r <strong>Mette Frederiksen<\/strong>. Var \u00e4r kaffet?<\/p>\n<p>Allra mest ovillig att prata var <strong>Alexus Grynkewich<\/strong>, Natos h\u00f6gste bef\u00e4lhavare i Europa, som ocks\u00e5 framtr\u00e4dde i S\u00e4len. Grynkewich var \u00f6versvallande trevlig p\u00e5 klassiskt amerikanskt s\u00e4tt och lovordade Sveriges mycket ambiti\u00f6sa f\u00f6rsta \u00e5r i alliansen. Om \u201dpolitiken\u201d ville han dock inte s\u00e4ga n\u00e5got, vilket f\u00f6r all del \u00e4r l\u00e4tt att f\u00f6rst\u00e5.<\/p>\n<p>General Grynkewich undrar s\u00e4kert sj\u00e4lv om hans uppdrag i morgon \u00e4r att r\u00e4dda Nordkalotten fr\u00e5n ryssarna eller att ockupera den p\u00e5 egen hand.<\/p>\n<p><strong>Faktum \u00e4r att inte ens de gamla Natokritikerna vill ha med \u00e4mnet att g\u00f6ra.<\/strong><\/p>\n<p>Annons<\/p>\n<p><strong>Amanda Lind<\/strong> (MP), ledare f\u00f6r ett parti som formellt fortfarande \u00e4r emot Sveriges medlemskap, <a href=\"https:\/\/www.expressen.se\/nyheter\/politik\/amanda-lind-mp-svensk-vapenindustri-ar-bra\" rel=\"nofollow noopener\" target=\"_blank\">kunde inte se ens ett scenario<\/a> d\u00e4r det blir aktuellt att prata om Natouttr\u00e4de. Nu \u00e4r vi med, s\u00e5 \u00e4r det med det.<\/p>\n<p><strong>Peter Hultqvist<\/strong>, fyrstj\u00e4rnig socialdemokrat och f\u00f6rsvarspolitisk talesperson, var kritisk till att fr\u00e5gan alls lyftes. En s\u00e5dan debatt gynnar bara <strong>Vladimir Putin<\/strong>!<\/p>\n<p>Just detta var extra surrealistiskt. Det var ju med exakt det argumentet som Hultqvist sj\u00e4lv, d\u00e5 f\u00f6rsvarsminister, mejade ner debatt\u00f6rer som ville g\u00e5 med i Nato, s\u00e5 sent som f\u00f6r fyra \u00e5r sedan.<\/p>\n<p><strong>Socialdemokraternas best\u00e4ndiga linje tycks vara att Sverige kan ha i princip vilken s\u00e4kerhetspolitik som helst, s\u00e5 l\u00e4nge ingen j\u00e4vel pratar om den.<\/strong><\/p>\n<p>Det \u00e4r m\u00f6jligt att Hultqvist, Lind, Ulf Kristersson och alla andra har r\u00e4tt \u2013 att det minst d\u00e5liga just nu \u00e4r att l\u00e5ta elefanten str\u00f6va runt s\u00e5 ost\u00f6rt som m\u00f6jligt, och hoppas att han p\u00e5 n\u00e5got s\u00e4tt lyckas missa porslinet.<\/p>\n<p>De f\u00e5r dock r\u00e4kna med att medborgarna har kvar en del fr\u00e5gor. \u00c4ven \u2013 eller till och med s\u00e4rskilt \u2013 efter alla tal och presskonferenser p\u00e5 Folk och f\u00f6rsvar i S\u00e4len.<\/p>\n<p>Viktor Barth-Kron \u00e4r politisk kommentator p\u00e5 Expressen. Det h\u00e4r \u00e4r en text fr\u00e5n hans nyhetsbrev \u2013 <a href=\"https:\/\/www.expressen.se\/nyhetsbrev\/\" rel=\"nofollow noopener\" target=\"_blank\">du kan prenumerera h\u00e4r!\u00a0<\/a><\/p>\n<p>L\u00e4s ocks\u00e5 Viktors intervjuer fr\u00e5n Folk och f\u00f6rsvar i S\u00e4len:<\/p>\n<p><a href=\"https:\/\/www.expressen.se\/nyheter\/politik\/magdalena-anderssons-besked-om-nato-i-gronlandskrisen\/\" rel=\"nofollow noopener\" target=\"_blank\">Magdalena Andersson: Kursen ligger fast efter valet<\/a>\u00a0<\/p>\n<p><a href=\"https:\/\/www.expressen.se\/nyheter\/politik\/amanda-lind-mp-svensk-vapenindustri-ar-bra\/\" rel=\"nofollow noopener\" target=\"_blank\">Amanda Lind: Svensk vapenindustri \u00e4r bra<\/a>\u00a0<\/p>\n<p><a href=\"https:\/\/www.expressen.se\/nyheter\/politik\/ulf-kristersson-da-kan-vi-prata-med-ryssland\/\" rel=\"nofollow noopener\" target=\"_blank\">Ulf Kristersson: D\u00e5 kan vi prata med Vladimir Putin<\/a>\u00a0<\/p>\n<p><a href=\"https:\/\/www.expressen.se\/nyheter\/politik\/ebba-busch-da-ar-det-xi-och-trump-som-bestammer-i-sverige\/\" rel=\"nofollow noopener\" target=\"_blank\">Ebba Busch: D\u00e5 \u00e4r det Xi och Trump som styr Sverige<\/a>\u00a0<\/p>\n<p>H\u00e4r nedan h\u00f6r du Politikrummets specialavsnitt fr\u00e5n S\u00e4len, med Viktor Barth-Kron, <strong>Max V Karlsson<\/strong> och Rysslandsforskaren <strong>Oscar Jonsson<\/strong>:<\/p>\n<p><img alt=\"\"\/>Ljudklippet gick inte att spela upp<\/p>\n<p>F\u00f6rs\u00f6k igen senare<\/p>\n","protected":false},"excerpt":{"rendered":"Elefanten i rummet var huvudperson p\u00e5 \u00e5rets Folk och f\u00f6rsvar. Det blev en l\u00e4tt surrealistisk konferens, konstaterar Viktor&hellip;\n","protected":false},"author":2,"featured_media":138062,"comment_status":"","ping_status":"","sticky":false,"template":"","format":"standard","meta":{"footnotes":""},"categories":[5],"tags":[22,23,26,27,17,21,24,25,28,29,15,13488,16,1401,198,1207,530,18,34,1238,31,33,32,30,19,152,20],"class_list":{"0":"post-138061","1":"post","2":"type-post","3":"status-publish","4":"format-standard","5":"has-post-thumbnail","7":"category-rubriker","8":"tag-breaking-news","9":"tag-breakingnews","10":"tag-featured-news","11":"tag-featurednews","12":"tag-headlines","13":"tag-huvudnyheter","14":"tag-latest-news","15":"tag-latestnews","16":"tag-main-news","17":"tag-mainnews","18":"tag-news","19":"tag-newsstory-folk-och-forsvar-2026","20":"tag-nyheter","21":"tag-organization-nato","22":"tag-person-donald-trump","23":"tag-person-magdalena-andersson","24":"tag-person-ulf-kristersson","25":"tag-rubriker","26":"tag-se","27":"tag-sections-viktorbarthkron","28":"tag-svenska","29":"tag-sverige","30":"tag-sweden","31":"tag-swedish","32":"tag-top-stories","33":"tag-topic-inrikespolitik","34":"tag-topstories"},"share_on_mastodon":{"url":"https:\/\/pubeurope.com\/@se\/115904631508706988","error":""},"_links":{"self":[{"href":"https:\/\/www.europesays.com\/se\/wp-json\/wp\/v2\/posts\/138061","targetHints":{"allow":["GET"]}}],"collection":[{"href":"https:\/\/www.europesays.com\/se\/wp-json\/wp\/v2\/posts"}],"about":[{"href":"https:\/\/www.europesays.com\/se\/wp-json\/wp\/v2\/types\/post"}],"author":[{"embeddable":true,"href":"https:\/\/www.europesays.com\/se\/wp-json\/wp\/v2\/users\/2"}],"replies":[{"embeddable":true,"href":"https:\/\/www.europesays.com\/se\/wp-json\/wp\/v2\/comments?post=138061"}],"version-history":[{"count":0,"href":"https:\/\/www.europesays.com\/se\/wp-json\/wp\/v2\/posts\/138061\/revisions"}],"wp:featuredmedia":[{"embeddable":true,"href":"https:\/\/www.europesays.com\/se\/wp-json\/wp\/v2\/media\/138062"}],"wp:attachment":[{"href":"https:\/\/www.europesays.com\/se\/wp-json\/wp\/v2\/media?parent=138061"}],"wp:term":[{"taxonomy":"category","embeddable":true,"href":"https:\/\/www.europesays.com\/se\/wp-json\/wp\/v2\/categories?post=138061"},{"taxonomy":"post_tag","embeddable":true,"href":"https:\/\/www.europesays.com\/se\/wp-json\/wp\/v2\/tags?post=138061"}],"curies":[{"name":"wp","href":"https:\/\/api.w.org\/{rel}","templated":true}]}}