{"id":138067,"date":"2026-01-16T11:57:11","date_gmt":"2026-01-16T11:57:11","guid":{"rendered":"https:\/\/www.europesays.com\/se\/138067\/"},"modified":"2026-01-16T11:57:11","modified_gmt":"2026-01-16T11:57:11","slug":"27-aring-doms-for-styckmord-pa-kollega-i-oskarshamn","status":"publish","type":"post","link":"https:\/\/www.europesays.com\/se\/138067\/","title":{"rendered":"27-\u00e5ring d\u00f6ms f\u00f6r styckmord p\u00e5 kollega i Oskarshamn"},"content":{"rendered":"<p>Tingsr\u00e4tten g\u00e5r p\u00e5 \u00e5klagarnas linje och d\u00f6mer 27-\u00e5ringen b\u00e5de f\u00f6r mord och grovt gravfridsbrott och grova bedr\u00e4gerier mot mordoffret efter hans d\u00f6d. Han d\u00f6ms till livstids f\u00e4ngelse och utvisning med f\u00f6rbud mot att \u00e5terv\u00e4nda.<\/p>\n<p>Tingsr\u00e4tten skriver i domen att trots att en d\u00f6dsorsak inte kunnat fastst\u00e4llas s\u00e5 finns stickskador p\u00e5 kroppsdelar man hittat i frysen som pekar p\u00e5 att offret f\u00e5tt skadorna n\u00e4r han var vid liv. Tingsr\u00e4tten anser att det r\u00e4cker med att dessa skador varit bidragande till d\u00f6dsfallet f\u00f6r att kunna d\u00f6ma f\u00f6r mord.<\/p>\n<p><strong>KLIPP: \u201dSn\u00e4ll, blyg och tystl\u00e5ten\u201d<\/strong> \u2013 s\u00e5 beskriver v\u00e4nner och kollegor mordoffret, en 25-\u00e5rig man som vi valt att kalla \u201dShahin\u201d.<\/p>\n<p>Motivet: Beh\u00f6vde pengar<\/p>\n<p>Det var vid en husrannsakan i 27-\u00e5ringens l\u00e4genhet i Oskarshamn i februari f\u00f6rra \u00e5ret som plastp\u00e5sar med kvarlevor fr\u00e5n den f\u00f6rsvunna kollegan hittades i 27-\u00e5ringens frys. Kollegan hade hade d\u00e5 varit f\u00f6rsvunnen i drygt en m\u00e5nad, och 27-\u00e5ringen hade hunnit l\u00e4mna landet.<\/p>\n<p>Men tv\u00e5 m\u00e5nader senare, i mitten av april, \u00e5terv\u00e4nde han till Sverige och kunde gripas p\u00e5 flygplatsen.<\/p>\n<p>Motivet bakom mordet \u00e4r enligt \u00e5klagarna ekonomiskt och drivet av 27-\u00e5ringens sv\u00e5ra spelberoende. Vid tillf\u00e4llet d\u00e5 mordet ska ha skett var han helt utblottad och f\u00f6rem\u00e5l f\u00f6r l\u00f6neutm\u00e4tning och vr\u00e4kning fr\u00e5n sin l\u00e4genhet. Kort efter mordet b\u00f6rjade det tas l\u00e5n och g\u00f6ras \u00f6verf\u00f6ringar fr\u00e5n mordoffrets konto \u2013 till 27-\u00e5ringens konto.<\/p>\n<p>Sj\u00e4lv har 27-\u00e5ringen hela tiden nekat till brott och h\u00e4vdat att en tredje person ska ha beg\u00e5tt alla g\u00e4rningarna i hans l\u00e4genhet. R\u00e4tten skriver dock att hans f\u00f6rklaringar framst\u00e5r som \u201duppenbart oriktiga och som en klar efterhandskonstruktion\u201d i domen.<\/p>\n","protected":false},"excerpt":{"rendered":"Tingsr\u00e4tten g\u00e5r p\u00e5 \u00e5klagarnas linje och d\u00f6mer 27-\u00e5ringen b\u00e5de f\u00f6r mord och grovt gravfridsbrott och grova bedr\u00e4gerier mot&hellip;\n","protected":false},"author":2,"featured_media":138068,"comment_status":"","ping_status":"","sticky":false,"template":"","format":"standard","meta":{"footnotes":""},"categories":[12],"tags":[22,23,26,27,17,21,24,25,28,29,15,16,18,34,31,33,32,30,19,20],"class_list":{"0":"post-138067","1":"post","2":"type-post","3":"status-publish","4":"format-standard","5":"has-post-thumbnail","7":"category-sverige","8":"tag-breaking-news","9":"tag-breakingnews","10":"tag-featured-news","11":"tag-featurednews","12":"tag-headlines","13":"tag-huvudnyheter","14":"tag-latest-news","15":"tag-latestnews","16":"tag-main-news","17":"tag-mainnews","18":"tag-news","19":"tag-nyheter","20":"tag-rubriker","21":"tag-se","22":"tag-svenska","23":"tag-sverige","24":"tag-sweden","25":"tag-swedish","26":"tag-top-stories","27":"tag-topstories"},"share_on_mastodon":{"url":"https:\/\/pubeurope.com\/@se\/115904659061920098","error":""},"_links":{"self":[{"href":"https:\/\/www.europesays.com\/se\/wp-json\/wp\/v2\/posts\/138067","targetHints":{"allow":["GET"]}}],"collection":[{"href":"https:\/\/www.europesays.com\/se\/wp-json\/wp\/v2\/posts"}],"about":[{"href":"https:\/\/www.europesays.com\/se\/wp-json\/wp\/v2\/types\/post"}],"author":[{"embeddable":true,"href":"https:\/\/www.europesays.com\/se\/wp-json\/wp\/v2\/users\/2"}],"replies":[{"embeddable":true,"href":"https:\/\/www.europesays.com\/se\/wp-json\/wp\/v2\/comments?post=138067"}],"version-history":[{"count":0,"href":"https:\/\/www.europesays.com\/se\/wp-json\/wp\/v2\/posts\/138067\/revisions"}],"wp:featuredmedia":[{"embeddable":true,"href":"https:\/\/www.europesays.com\/se\/wp-json\/wp\/v2\/media\/138068"}],"wp:attachment":[{"href":"https:\/\/www.europesays.com\/se\/wp-json\/wp\/v2\/media?parent=138067"}],"wp:term":[{"taxonomy":"category","embeddable":true,"href":"https:\/\/www.europesays.com\/se\/wp-json\/wp\/v2\/categories?post=138067"},{"taxonomy":"post_tag","embeddable":true,"href":"https:\/\/www.europesays.com\/se\/wp-json\/wp\/v2\/tags?post=138067"}],"curies":[{"name":"wp","href":"https:\/\/api.w.org\/{rel}","templated":true}]}}