{"id":138070,"date":"2026-01-16T12:00:12","date_gmt":"2026-01-16T12:00:12","guid":{"rendered":"https:\/\/www.europesays.com\/se\/138070\/"},"modified":"2026-01-16T12:00:12","modified_gmt":"2026-01-16T12:00:12","slug":"snart-dags-for-em-premiar-ladda-upp-i-fanzone-i-malmo","status":"publish","type":"post","link":"https:\/\/www.europesays.com\/se\/138070\/","title":{"rendered":"Snart dags f\u00f6r EM-premi\u00e4r &#8211; ladda upp i fanzone i Malm\u00f6"},"content":{"rendered":"<p><strong>P\u00e5 l\u00f6rdag spelar Sverige sin premi\u00e4rmatch i EM mot Nederl\u00e4nderna. Uppladdningen f\u00f6r de svenska fansen sker i fanzone p\u00e5 restaurangen Paddy\u2019s i Malm\u00f6.<\/strong><\/p>\n<p>Svenska Handbollfans har nu under flera m\u00e4sterskap etablerat sig som en gul positiv kraft p\u00e5 l\u00e4ktarna. En engagerad grupp som vill n\u00e5 b\u00e5de sportslig och social framg\u00e5ng. Nu finns chansen att sl\u00e5 f\u00f6lje \u00e4ven i Malm\u00f6.<\/p>\n<p>Paddy\u2019s p\u00e5 Kalendegatan i Malm\u00f6 blir n\u00e4mligen samlingsplatsen under Sveriges matchdagar. D\u00e5 skapas en fanzone d\u00e4r mat och dryck kompletteras med DJ och trubadur. Spelas det \u201dSweet Caroline\u201d kanske?<\/p>\n<p>L\u00e4s mer om det hela p\u00e5 Svenska Handbollfans hemsidan:<\/p>\n<p><a href=\"https:\/\/svenskahandbollfans.se\/resor-arrangemang\/herr-em-2026\" target=\"_blank\" rel=\"noopener nofollow\">https:\/\/svenskahandbollfans.se\/resor-arrangemang\/herr-em-2026<\/a><\/p>\n<p>Har du inte m\u00f6jlighet att vara p\u00e5 plats i Malm\u00f6? H\u00e4r finns information om hur du ser Sveriges EM-matcher f\u00f6r bara 99 kr:<\/p>\n<p><a href=\"https:\/\/handbollskanalen.se\/landslag-herrar\/sa-ser-du-sveriges-matcher-i-handbolls-em-2026-billigt\/\" rel=\"nofollow noopener\" target=\"_blank\">https:\/\/handbollskanalen.se\/landslag-herrar\/sa-ser-du-sveriges-matcher-i-handbolls-em-2026-billigt\/<\/a><\/p>\n","protected":false},"excerpt":{"rendered":"P\u00e5 l\u00f6rdag spelar Sverige sin premi\u00e4rmatch i EM mot Nederl\u00e4nderna. Uppladdningen f\u00f6r de svenska fansen sker i fanzone&hellip;\n","protected":false},"author":2,"featured_media":138071,"comment_status":"","ping_status":"","sticky":false,"template":"","format":"standard","meta":{"footnotes":""},"categories":[68],"tags":[34,111,110,31,33,32,30],"class_list":{"0":"post-138070","1":"post","2":"type-post","3":"status-publish","4":"format-standard","5":"has-post-thumbnail","7":"category-sport","8":"tag-se","9":"tag-sport","10":"tag-sports","11":"tag-svenska","12":"tag-sverige","13":"tag-sweden","14":"tag-swedish"},"share_on_mastodon":{"url":"https:\/\/pubeurope.com\/@se\/115904670874721300","error":""},"_links":{"self":[{"href":"https:\/\/www.europesays.com\/se\/wp-json\/wp\/v2\/posts\/138070","targetHints":{"allow":["GET"]}}],"collection":[{"href":"https:\/\/www.europesays.com\/se\/wp-json\/wp\/v2\/posts"}],"about":[{"href":"https:\/\/www.europesays.com\/se\/wp-json\/wp\/v2\/types\/post"}],"author":[{"embeddable":true,"href":"https:\/\/www.europesays.com\/se\/wp-json\/wp\/v2\/users\/2"}],"replies":[{"embeddable":true,"href":"https:\/\/www.europesays.com\/se\/wp-json\/wp\/v2\/comments?post=138070"}],"version-history":[{"count":0,"href":"https:\/\/www.europesays.com\/se\/wp-json\/wp\/v2\/posts\/138070\/revisions"}],"wp:featuredmedia":[{"embeddable":true,"href":"https:\/\/www.europesays.com\/se\/wp-json\/wp\/v2\/media\/138071"}],"wp:attachment":[{"href":"https:\/\/www.europesays.com\/se\/wp-json\/wp\/v2\/media?parent=138070"}],"wp:term":[{"taxonomy":"category","embeddable":true,"href":"https:\/\/www.europesays.com\/se\/wp-json\/wp\/v2\/categories?post=138070"},{"taxonomy":"post_tag","embeddable":true,"href":"https:\/\/www.europesays.com\/se\/wp-json\/wp\/v2\/tags?post=138070"}],"curies":[{"name":"wp","href":"https:\/\/api.w.org\/{rel}","templated":true}]}}