{"id":138081,"date":"2026-01-16T12:12:06","date_gmt":"2026-01-16T12:12:06","guid":{"rendered":"https:\/\/www.europesays.com\/se\/138081\/"},"modified":"2026-01-16T12:12:06","modified_gmt":"2026-01-16T12:12:06","slug":"raspberry-pis-nya-ai-hatt-kan-kora-ai-modeller-lokalt","status":"publish","type":"post","link":"https:\/\/www.europesays.com\/se\/138081\/","title":{"rendered":"Raspberry Pi:s nya AI-hatt kan k\u00f6ra AI-modeller lokalt"},"content":{"rendered":"<p>Raspberry Pi har lanserat <a href=\"https:\/\/www.raspberrypi.com\/news\/introducing-the-raspberry-pi-ai-hat-plus-2-generative-ai-on-raspberry-pi-5\/\" data-type=\"link\" data-id=\"https:\/\/www.raspberrypi.com\/news\/introducing-the-raspberry-pi-ai-hat-plus-2-generative-ai-on-raspberry-pi-5\/\" rel=\"nofollow noopener\" target=\"_blank\">AI HAT+ 2<\/a>, ett nytt expansionskort som riktar sig till anv\u00e4ndare som vill k\u00f6ra AI-modeller lokalt p\u00e5 minidatorn Raspberry Pi 5.<\/p>\n<p>AI HAT+ 2 erbjuder ett kraftfullt Hailo 10H-chipp (40 TOPS) och 8 gigabyte arbetsminne, rapporterar <a href=\"https:\/\/www.theverge.com\/news\/862748\/raspberry-pi-ai-hat-2-gen-ai-ram\" data-type=\"link\" data-id=\"https:\/\/www.theverge.com\/news\/862748\/raspberry-pi-ai-hat-2-gen-ai-ram\" rel=\"nofollow noopener\" target=\"_blank\">The Verge<\/a>.<\/p>\n<p>I dagsl\u00e4get rekommenderas anv\u00e4ndarna att k\u00f6ra mindre AI-modeller som Llama 3.2, Deepseek-R1-Distill och Qwen 2, men st\u00f6d f\u00f6r mer avancerade modeller s\u00e4gs vara p\u00e5 g\u00e5ng.<\/p>\n","protected":false},"excerpt":{"rendered":"Raspberry Pi har lanserat AI HAT+ 2, ett nytt expansionskort som riktar sig till anv\u00e4ndare som vill k\u00f6ra&hellip;\n","protected":false},"author":2,"featured_media":138082,"comment_status":"","ping_status":"","sticky":false,"template":"","format":"standard","meta":{"footnotes":""},"categories":[66],"tags":[80,78,79,34,31,33,32,30,81,84,83,82],"class_list":{"0":"post-138081","1":"post","2":"type-post","3":"status-publish","4":"format-standard","5":"has-post-thumbnail","7":"category-vetenskap-och-teknik","8":"tag-science","9":"tag-science-and-technology","10":"tag-scienceandtechnology","11":"tag-se","12":"tag-svenska","13":"tag-sverige","14":"tag-sweden","15":"tag-swedish","16":"tag-technology","17":"tag-teknik","18":"tag-vetenskap","19":"tag-vetenskapteknik"},"share_on_mastodon":{"url":"https:\/\/pubeurope.com\/@se\/115904718023280830","error":""},"_links":{"self":[{"href":"https:\/\/www.europesays.com\/se\/wp-json\/wp\/v2\/posts\/138081","targetHints":{"allow":["GET"]}}],"collection":[{"href":"https:\/\/www.europesays.com\/se\/wp-json\/wp\/v2\/posts"}],"about":[{"href":"https:\/\/www.europesays.com\/se\/wp-json\/wp\/v2\/types\/post"}],"author":[{"embeddable":true,"href":"https:\/\/www.europesays.com\/se\/wp-json\/wp\/v2\/users\/2"}],"replies":[{"embeddable":true,"href":"https:\/\/www.europesays.com\/se\/wp-json\/wp\/v2\/comments?post=138081"}],"version-history":[{"count":0,"href":"https:\/\/www.europesays.com\/se\/wp-json\/wp\/v2\/posts\/138081\/revisions"}],"wp:featuredmedia":[{"embeddable":true,"href":"https:\/\/www.europesays.com\/se\/wp-json\/wp\/v2\/media\/138082"}],"wp:attachment":[{"href":"https:\/\/www.europesays.com\/se\/wp-json\/wp\/v2\/media?parent=138081"}],"wp:term":[{"taxonomy":"category","embeddable":true,"href":"https:\/\/www.europesays.com\/se\/wp-json\/wp\/v2\/categories?post=138081"},{"taxonomy":"post_tag","embeddable":true,"href":"https:\/\/www.europesays.com\/se\/wp-json\/wp\/v2\/tags?post=138081"}],"curies":[{"name":"wp","href":"https:\/\/api.w.org\/{rel}","templated":true}]}}