{"id":138097,"date":"2026-01-16T12:35:12","date_gmt":"2026-01-16T12:35:12","guid":{"rendered":"https:\/\/www.europesays.com\/se\/138097\/"},"modified":"2026-01-16T12:35:12","modified_gmt":"2026-01-16T12:35:12","slug":"fem-miljoner-konton-har-raderats-efter-sociala-medier-forbudet","status":"publish","type":"post","link":"https:\/\/www.europesays.com\/se\/138097\/","title":{"rendered":"Fem miljoner konton har raderats efter sociala medier-f\u00f6rbudet"},"content":{"rendered":"<p>Sociala medier-bolag har tagit bort 4,7 miljoner konton p\u00e5 sina plattformar sedan Australien inf\u00f6rde 16-\u00e5rsgr\u00e4ns i slutet av f\u00f6rra \u00e5ret.<\/p>\n<p>\u2013 Nu kan australiska f\u00f6r\u00e4ldrar vara s\u00e4kra p\u00e5 att deras barn kan f\u00e5 tillbaka sin barndom, s\u00e4ger landets kommunikationsminister Anika Wells.<\/p>\n<p>Siffrorna \u00e4r det f\u00f6rsta beviset p\u00e5 att techj\u00e4ttar som Tiktok, Google, Meta, X och Snapchat har vidtagit kraftfulla \u00e5tg\u00e4rder f\u00f6r att f\u00f6lja de nya riktlinjerna. Bolagen riskerar hundratals miljoner kronor i b\u00f6ter om de inte f\u00f6ljer den australiska lagen. <\/p>\n<p>Flera andra l\u00e4nder utreder nu om de ska ta efter det australiska f\u00f6rbudet, d\u00e4ribland Danmark.<\/p>\n<p>\u2013 Det faktum att det, trots viss skepsis, fungerar och nu kopieras \u00f6ver hela v\u00e4rlden, \u00e4r n\u00e5got som Australien kan vara stolt \u00f6ver, s\u00e4ger landets premi\u00e4rminister Anthony Albanese. <\/p>\n<p>Omni \u00e4r politiskt obundna och oberoende. Vi str\u00e4var efter att ge fler perspektiv p\u00e5 nyheterna. Har du fr\u00e5gor eller synpunkter kring v\u00e5r rapportering? <a href=\"https:\/\/omni.se\/fem-miljoner-konton-har-raderats-efter-sociala-medier-forbudet\/a\/mailto:redaktion@omni.se\" class=\"ArticleActions_contactLink__W2F1M\" rel=\"nofollow noopener\" target=\"_blank\">Kontakta redaktionen<\/a><\/p>\n","protected":false},"excerpt":{"rendered":"Sociala medier-bolag har tagit bort 4,7 miljoner konton p\u00e5 sina plattformar sedan Australien inf\u00f6rde 16-\u00e5rsgr\u00e4ns i slutet av&hellip;\n","protected":false},"author":2,"featured_media":138098,"comment_status":"","ping_status":"","sticky":false,"template":"","format":"standard","meta":{"footnotes":""},"categories":[5],"tags":[449,450,22,23,26,27,17,21,24,25,28,29,2226,15,16,18,34,4545,636,31,33,32,30,3614,19,20],"class_list":{"0":"post-138097","1":"post","2":"type-post","3":"status-publish","4":"format-standard","5":"has-post-thumbnail","7":"category-rubriker","8":"tag-anthony-albanese","9":"tag-australien","10":"tag-breaking-news","11":"tag-breakingnews","12":"tag-featured-news","13":"tag-featurednews","14":"tag-headlines","15":"tag-huvudnyheter","16":"tag-latest-news","17":"tag-latestnews","18":"tag-main-news","19":"tag-mainnews","20":"tag-meta","21":"tag-news","22":"tag-nyheter","23":"tag-rubriker","24":"tag-se","25":"tag-snapchat","26":"tag-sociala-medier","27":"tag-svenska","28":"tag-sverige","29":"tag-sweden","30":"tag-swedish","31":"tag-tiktok","32":"tag-top-stories","33":"tag-topstories"},"share_on_mastodon":{"url":"https:\/\/pubeurope.com\/@se\/115904808434063190","error":""},"_links":{"self":[{"href":"https:\/\/www.europesays.com\/se\/wp-json\/wp\/v2\/posts\/138097","targetHints":{"allow":["GET"]}}],"collection":[{"href":"https:\/\/www.europesays.com\/se\/wp-json\/wp\/v2\/posts"}],"about":[{"href":"https:\/\/www.europesays.com\/se\/wp-json\/wp\/v2\/types\/post"}],"author":[{"embeddable":true,"href":"https:\/\/www.europesays.com\/se\/wp-json\/wp\/v2\/users\/2"}],"replies":[{"embeddable":true,"href":"https:\/\/www.europesays.com\/se\/wp-json\/wp\/v2\/comments?post=138097"}],"version-history":[{"count":0,"href":"https:\/\/www.europesays.com\/se\/wp-json\/wp\/v2\/posts\/138097\/revisions"}],"wp:featuredmedia":[{"embeddable":true,"href":"https:\/\/www.europesays.com\/se\/wp-json\/wp\/v2\/media\/138098"}],"wp:attachment":[{"href":"https:\/\/www.europesays.com\/se\/wp-json\/wp\/v2\/media?parent=138097"}],"wp:term":[{"taxonomy":"category","embeddable":true,"href":"https:\/\/www.europesays.com\/se\/wp-json\/wp\/v2\/categories?post=138097"},{"taxonomy":"post_tag","embeddable":true,"href":"https:\/\/www.europesays.com\/se\/wp-json\/wp\/v2\/tags?post=138097"}],"curies":[{"name":"wp","href":"https:\/\/api.w.org\/{rel}","templated":true}]}}