{"id":138099,"date":"2026-01-16T12:36:14","date_gmt":"2026-01-16T12:36:14","guid":{"rendered":"https:\/\/www.europesays.com\/se\/138099\/"},"modified":"2026-01-16T12:36:14","modified_gmt":"2026-01-16T12:36:14","slug":"patientrush-slog-hart-mot-jouren-i-vasa-nu-borjar-laget-stabiliseras-osterbotten","status":"publish","type":"post","link":"https:\/\/www.europesays.com\/se\/138099\/","title":{"rendered":"Patientrush slog h\u00e5rt mot jouren i Vasa: \u201dNu b\u00f6rjar l\u00e4get stabiliseras\u201d | \u00d6sterbotten"},"content":{"rendered":"<p class=\"aw-1gybjub aw-5vja16 kEtdKx kmuxyA yle__article__paragraph\">Christian Palmberg betonar att v\u00e4lf\u00e4rds\u00adomr\u00e5dets organisation har f\u00f6rb\u00e4ttrats markant de senaste \u00e5ren trots stora besparingar.<\/p>\n<p><img decoding=\"async\" alt=\"En person st\u00e5r p\u00e5 en balkong med sjukhuset bakgrunden. \" src=\"https:\/\/www.europesays.com\/se\/wp-content\/uploads\/2026\/01\/39-15818876968d54cb7811.jpeg\" class=\"aw-1l9m598 hKVVvP\"\/><\/p>\n<p>\u00d6ppna bildvisare<\/p>\n<p>Bild: Kati Enkvist \/ YleLyssna (du h\u00f6r en artificiell r\u00f6st) 2:49<\/p>\n<p class=\"aw-1gybjub aw-1p7kakr kEtdKx cEmitX yle__article__paragraph\">Efter en intensiv period med h\u00f6g belastning vid jouren i Vasa har l\u00e4get b\u00f6rjat stabiliseras. Verksamhetsdirekt\u00f6r <strong class=\"aw-ak79eh KyCXm yle__article__strong\">Christian Palmberg<\/strong> vid sjukhustj\u00e4nsterna beskriver de senaste dagarna som mycket anstr\u00e4ngda, men betonar att situationen nu ser betydligt b\u00e4ttre ut.<\/p>\n<p class=\"aw-1gybjub aw-1p7kakr kEtdKx cEmitX yle__article__paragraph\">\u2013 Just nu har det blivit lugnare som tur \u00e4r. Men tisdagen var faktiskt en hemsk dag. Vi trodde i m\u00e5ndags att det skulle b\u00f6rja v\u00e4nda, men ist\u00e4llet f\u00f6rv\u00e4rrades l\u00e4get rej\u00e4lt.<\/p>\n<p class=\"aw-1gybjub aw-1p7kakr kEtdKx cEmitX yle__article__paragraph\">Enligt Palmberg \u00e4r det ett \u00e5terkommande m\u00f6nster att patientantalet \u00f6kar markant direkt efter de stora helgerna. Men i \u00e5r kom rusningen lite senare och blev kraftigare \u00e4n v\u00e4ntat. \u00c4ldre patienter och personer med akuta besv\u00e4r fyllde avdelningarna och jouren.<\/p>\n<p>Beredskap f\u00f6r liknande situationer<\/p>\n<p class=\"aw-1gybjub aw-1p7kakr kEtdKx cEmitX yle__article__paragraph\">F\u00f6r att hantera l\u00e4get aktiverade sjukhuset sin beredskapsprocess. Rutinen utvecklades \u00e5r 2023 d\u00e5 l\u00e4get ocks\u00e5 var anstr\u00e4ngt.<\/p>\n<p class=\"aw-1gybjub aw-1p7kakr kEtdKx cEmitX yle__article__paragraph\">\u2013 Vi fick \u00f6ppna fler v\u00e5rdplatser, \u00f6kade personalstyrkan och s\u00e5 besl\u00f6t vi att n\u00e5 ut till medierna f\u00f6r att ber\u00e4tta om l\u00e4get, ber\u00e4ttar Palmberg.<\/p>\n<p class=\"aw-1gybjub aw-1p7kakr kEtdKx cEmitX yle__article__paragraph\">Han \u00e4r n\u00f6jd med att processen fungerade smidigt.<\/p>\n<p class=\"aw-1gybjub aw-1p7kakr kEtdKx cEmitX yle__article__paragraph\">\u2013 Vi hade beredskapsgruppsm\u00f6ten redan f\u00f6rra veckan och kunde d\u00e4rf\u00f6r snabbt fatta beslut i tisdags d\u00e5 vi m\u00e4rkte hur situationen utvecklade sig. Men rutinerna h\u00e5ller och det k\u00e4nns bra.<\/p>\n<p class=\"aw-1gybjub aw-1p7kakr kEtdKx cEmitX yle__article__paragraph\">Trots att v\u00e4lf\u00e4rdsomr\u00e5det under de senaste \u00e5ren har minskat antalet v\u00e5rdplatser med cirka hundra \u00e4r l\u00e4get stabilt.<\/p>\n<p class=\"aw-1gybjub aw-1p7kakr kEtdKx cEmitX yle__article__paragraph\">\u2013 Nu tar de allm\u00e4nmedicinska avdelningarna emot en st\u00f6rre del av b\u00f6rdan. Alla v\u00e5rdplatser h\u00f6r till samma organisation och vi f\u00f6rs\u00f6ker f\u00f6rdela belastningen j\u00e4mnare.<\/p>\n<p>Lugnare veckoslut v\u00e4ntar<\/p>\n<p class=\"aw-1gybjub aw-1p7kakr kEtdKx cEmitX yle__article__paragraph\">Inf\u00f6r det kommande veckoslutet valde sjukhuset att inte beh\u00e5lla den h\u00f6jda beredskapen inom specialistv\u00e5rden.<\/p>\n<p class=\"aw-1gybjub aw-1p7kakr kEtdKx cEmitX yle__article__paragraph\">\u2013 Julen \u00e4r bakom oss och vi tror att vi b\u00f6rjar n\u00e4rma oss det normala igen. Samtidigt vet vi att influensas\u00e4songen fortfarande p\u00e5g\u00e5r. Man kan hoppas att toppen \u00e4r n\u00e5dd, men det \u00e4r nog sv\u00e5rt att f\u00f6rutse.<\/p>\n<p class=\"aw-1gybjub aw-1p7kakr kEtdKx cEmitX yle__article__paragraph\">\u2013 Och det \u00e4r en del av yrkets tjusning att s\u00e5dana h\u00e4r situationer uppst\u00e5r. Det viktigaste \u00e4r att vi har verktygen att hantera dem.<\/p>\n<p class=\"aw-1gybjub aw-1p7kakr kEtdKx cEmitX yle__article__paragraph\">Palmberg uppmanar inv\u00e5narna att t\u00e4nka efter innan de s\u00f6ker sig till jouren:<\/p>\n<p class=\"aw-1gybjub aw-1p7kakr kEtdKx cEmitX yle__article__paragraph\">\u2013 P\u00e5 jouren varken vill man eller ska man sitta l\u00e4nge. D\u00e4rf\u00f6r \u00e4r det b\u00e4st att ringa 116\u00a0117 f\u00f6r att reda ut v\u00e5rdbehovet. Kom inte f\u00f6r att h\u00e4lsa p\u00e5. Sedan om symtomen \u00e4r s\u00e5dana att det finns r\u00e4dsla f\u00f6r livet, att mungipan h\u00e4nger, att armen domnar bort eller att du f\u00e5r sv\u00e5ra br\u00f6stsm\u00e4rtor, d\u00e5 \u00e4r det 112 du ringer.<\/p>\n","protected":false},"excerpt":{"rendered":"Christian Palmberg betonar att v\u00e4lf\u00e4rds\u00adomr\u00e5dets organisation har f\u00f6rb\u00e4ttrats markant de senaste \u00e5ren trots stora besparingar. \u00d6ppna bildvisare Bild:&hellip;\n","protected":false},"author":2,"featured_media":138100,"comment_status":"","ping_status":"","sticky":false,"template":"","format":"standard","meta":{"footnotes":""},"categories":[69],"tags":[13843,684,113,3287,2932,112,683,13844,2300,4105,34,2298,31,33,32,30],"class_list":{"0":"post-138099","1":"post","2":"type-post","3":"status-publish","4":"format-standard","5":"has-post-thumbnail","7":"category-halsa","8":"tag-akutvard","9":"tag-finland","10":"tag-halsa","11":"tag-halso-och-sjukvard","12":"tag-halsovard","13":"tag-health","14":"tag-inrikes","15":"tag-jourverksamhet","16":"tag-osterbotten","17":"tag-patienter","18":"tag-se","19":"tag-sjukvard","20":"tag-svenska","21":"tag-sverige","22":"tag-sweden","23":"tag-swedish"},"share_on_mastodon":{"url":"https:\/\/pubeurope.com\/@se\/115904812384429519","error":""},"_links":{"self":[{"href":"https:\/\/www.europesays.com\/se\/wp-json\/wp\/v2\/posts\/138099","targetHints":{"allow":["GET"]}}],"collection":[{"href":"https:\/\/www.europesays.com\/se\/wp-json\/wp\/v2\/posts"}],"about":[{"href":"https:\/\/www.europesays.com\/se\/wp-json\/wp\/v2\/types\/post"}],"author":[{"embeddable":true,"href":"https:\/\/www.europesays.com\/se\/wp-json\/wp\/v2\/users\/2"}],"replies":[{"embeddable":true,"href":"https:\/\/www.europesays.com\/se\/wp-json\/wp\/v2\/comments?post=138099"}],"version-history":[{"count":0,"href":"https:\/\/www.europesays.com\/se\/wp-json\/wp\/v2\/posts\/138099\/revisions"}],"wp:featuredmedia":[{"embeddable":true,"href":"https:\/\/www.europesays.com\/se\/wp-json\/wp\/v2\/media\/138100"}],"wp:attachment":[{"href":"https:\/\/www.europesays.com\/se\/wp-json\/wp\/v2\/media?parent=138099"}],"wp:term":[{"taxonomy":"category","embeddable":true,"href":"https:\/\/www.europesays.com\/se\/wp-json\/wp\/v2\/categories?post=138099"},{"taxonomy":"post_tag","embeddable":true,"href":"https:\/\/www.europesays.com\/se\/wp-json\/wp\/v2\/tags?post=138099"}],"curies":[{"name":"wp","href":"https:\/\/api.w.org\/{rel}","templated":true}]}}