{"id":138105,"date":"2026-01-16T12:43:21","date_gmt":"2026-01-16T12:43:21","guid":{"rendered":"https:\/\/www.europesays.com\/se\/138105\/"},"modified":"2026-01-16T12:43:21","modified_gmt":"2026-01-16T12:43:21","slug":"litauiska-entreprenoren-blev-upplaxad-av-kommunen-har-ar-kravlistan-finns-en-tidsram-nlt","status":"publish","type":"post","link":"https:\/\/www.europesays.com\/se\/138105\/","title":{"rendered":"Litauiska entrepren\u00f6ren blev uppl\u00e4xad av kommunen \u2013 h\u00e4r \u00e4r kravlistan: \u201dFinns en tidsram\u201d &#8211; NLT"},"content":{"rendered":"<ol>\n<li><a href=\"https:\/\/news.google.com\/rss\/articles\/CBMivgFBVV95cUxQWUFBV3hpS3l1WGxJbE04RkVJeDNERnVBNTgzcEM5b3dxU0xzLXNFSWJwdlFTSnh2LTRqWFpNajJ5dWJmakp6X2lQQnhkY3QycGplSzdwNmpMUm9xQmNfVWlSQTMtTDBiaDZOa19XTjFsUjB2ME5TeHZiQlJNLW9RZ204NVRLeHdfd2JmcUx0a3VBb3pkTmZUTGFJRFQ3QmR3Ym1yQWRGaWI1RFRBeTRrdHo3RWl2ckZTNHdsR1Z3?oc=5\" target=\"_blank\" rel=\"nofollow noopener\">Litauiska entrepren\u00f6ren blev uppl\u00e4xad av kommunen \u2013 h\u00e4r \u00e4r kravlistan: \u201dFinns en tidsram\u201d<\/a>&nbsp;&nbsp;NLT<\/li>\n<li><a href=\"https:\/\/news.google.com\/rss\/articles\/CBMioAFBVV95cUxNV1VBbmstcHNMS2wyZ3l0OHlJMzVJbFlCdm40WE5sY1pqNmdJeFhncmV2LTczeEhvRWFiZTIyelBtaFY0ZEJwOG5xQjV1S2J3aXFfSTNmUXZDUjR2Sm1ZVll0NllVUG8zbzJqVW1EMTdHZkc2QnhaRjBROU5hbTNRekV6V0M1LUxCdHZvWnlqby1JaFVtRXFIOVR4Q09PRTB5?oc=5\" target=\"_blank\" rel=\"nofollow noopener\">Sn\u00f6r\u00f6jarna i Skaraborg talar inte svenska \u2013 avtalet kan brytas<\/a>&nbsp;&nbsp;SVT Nyheter<\/li>\n<li><a href=\"https:\/\/news.google.com\/rss\/articles\/CBMioAFBVV95cUxOVHo4ZjhtTW5IYVhIOHVzempKTUVWeWpSOWhncm1HRmxrSDFRNXV6NEw2aFlaR1MwN3RhUF9aeUE4M3ZJaVdqVXd4d3NEUG5oRmlvZjl2YW5xLTNjY3EtSzJ2OFVUUUdOWGVXMk82SjN6Y25aV09pR0lWNjF5ZG5WbGVRMEJibnZSVk1BOFlYV0xvREdVMWlaQlpwXzE4OHBQ?oc=5\" target=\"_blank\" rel=\"nofollow noopener\">Sn\u00f6r\u00f6jare fick g\u00f6ra om jobbet efter d\u00e5lig plogning<\/a>&nbsp;&nbsp;SkLT<\/li>\n<li><a href=\"https:\/\/news.google.com\/rss\/articles\/CBMiT0FVX3lxTE5vNlp2Wm5OUmUyaWtxY0k1SnFCR05TTjdGYzNSem1Oa1pDRHh4bUU3anNtdEk0bUZ3dC1qNWYtOHV5MHJmczZpOTA5X0U2VjQ?oc=5\" target=\"_blank\" rel=\"nofollow noopener\">Sp\u00e5riga v\u00e4gar och kvarliggande sn\u00f6 \u2013 kommunen agerar efter kritik<\/a>&nbsp;&nbsp;H\u00e4llekis-Kuriren<\/li>\n<li><a href=\"https:\/\/news.google.com\/rss\/articles\/CBMiiwFBVV95cUxQSElDcVI1aUNoYWthbVF4WDZfZ2UzclVoVk5QbGVkZDlQdlE4bG1sUE1iVjJIZDZ3UFpCNEdKR2RpVks1aE9YX2E0elB0NEtFMW4xVVFzQTZkaTE2YkpJYzBWNUY2TWt6cEhhSWl1Wm9KN1BUT1ZJbG93X2lTYVotQ1p2ZWlhblNCN2Jz?oc=5\" target=\"_blank\" rel=\"nofollow noopener\">H\u00e4r \u00e4r orten d\u00e4r all sn\u00f6 m\u00e5ste plogas om \u2013 kommunen: \u201dInte alls bra\u201d<\/a>&nbsp;&nbsp;Sveriges Radio<\/li>\n<\/ol>\n","protected":false},"excerpt":{"rendered":"Litauiska entrepren\u00f6ren blev uppl\u00e4xad av kommunen \u2013 h\u00e4r \u00e4r kravlistan: \u201dFinns en tidsram\u201d&nbsp;&nbsp;NLT Sn\u00f6r\u00f6jarna i Skaraborg talar inte&hellip;\n","protected":false},"author":2,"featured_media":138106,"comment_status":"","ping_status":"","sticky":false,"template":"","format":"standard","meta":{"footnotes":""},"categories":[5],"tags":[22,23,26,27,17,21,24,25,28,29,15,16,18,34,31,33,32,30,19,20],"class_list":{"0":"post-138105","1":"post","2":"type-post","3":"status-publish","4":"format-standard","5":"has-post-thumbnail","7":"category-rubriker","8":"tag-breaking-news","9":"tag-breakingnews","10":"tag-featured-news","11":"tag-featurednews","12":"tag-headlines","13":"tag-huvudnyheter","14":"tag-latest-news","15":"tag-latestnews","16":"tag-main-news","17":"tag-mainnews","18":"tag-news","19":"tag-nyheter","20":"tag-rubriker","21":"tag-se","22":"tag-svenska","23":"tag-sverige","24":"tag-sweden","25":"tag-swedish","26":"tag-top-stories","27":"tag-topstories"},"share_on_mastodon":{"url":"https:\/\/pubeurope.com\/@se\/115904839986255454","error":""},"_links":{"self":[{"href":"https:\/\/www.europesays.com\/se\/wp-json\/wp\/v2\/posts\/138105","targetHints":{"allow":["GET"]}}],"collection":[{"href":"https:\/\/www.europesays.com\/se\/wp-json\/wp\/v2\/posts"}],"about":[{"href":"https:\/\/www.europesays.com\/se\/wp-json\/wp\/v2\/types\/post"}],"author":[{"embeddable":true,"href":"https:\/\/www.europesays.com\/se\/wp-json\/wp\/v2\/users\/2"}],"replies":[{"embeddable":true,"href":"https:\/\/www.europesays.com\/se\/wp-json\/wp\/v2\/comments?post=138105"}],"version-history":[{"count":0,"href":"https:\/\/www.europesays.com\/se\/wp-json\/wp\/v2\/posts\/138105\/revisions"}],"wp:featuredmedia":[{"embeddable":true,"href":"https:\/\/www.europesays.com\/se\/wp-json\/wp\/v2\/media\/138106"}],"wp:attachment":[{"href":"https:\/\/www.europesays.com\/se\/wp-json\/wp\/v2\/media?parent=138105"}],"wp:term":[{"taxonomy":"category","embeddable":true,"href":"https:\/\/www.europesays.com\/se\/wp-json\/wp\/v2\/categories?post=138105"},{"taxonomy":"post_tag","embeddable":true,"href":"https:\/\/www.europesays.com\/se\/wp-json\/wp\/v2\/tags?post=138105"}],"curies":[{"name":"wp","href":"https:\/\/api.w.org\/{rel}","templated":true}]}}