{"id":138107,"date":"2026-01-16T12:44:07","date_gmt":"2026-01-16T12:44:07","guid":{"rendered":"https:\/\/www.europesays.com\/se\/138107\/"},"modified":"2026-01-16T12:44:07","modified_gmt":"2026-01-16T12:44:07","slug":"forskare-skapar-varldens-minsta-robotar-och-de-kan-komma-att-revolutionera-ett-speciellt-omrade","status":"publish","type":"post","link":"https:\/\/www.europesays.com\/se\/138107\/","title":{"rendered":"Forskare skapar v\u00e4rldens minsta robotar \u2013 och de kan komma att revolutionera ett speciellt omr\u00e5de"},"content":{"rendered":"<p>Att bygga mikroskopiska, programmerbara robotar \u00e4r en enorm utmaning. N\u00e4r robotar blir mindre \u00e4n en millimeter f\u00f6r\u00e4ndras fysikens regler.<\/p>\n<p><a href=\"https:\/\/illvet.se\/fysik\/vad-ar-gravitation\" class=\"hover:font-bold\" rel=\"nofollow noopener\" target=\"_blank\">Gravitation<\/a> betyder n\u00e4stan ingenting, medan motst\u00e5ndet fr\u00e5n omgivningarna blir enorm.<\/p>\n<p>F\u00f6r en robot i cellstorlek k\u00e4nns vatten som tjock sirap och sm\u00e5 ben eller armar g\u00e5r l\u00e4tt s\u00f6nder och \u00e4r n\u00e4st intill om\u00f6jliga att tillverka. D\u00e4rf\u00f6r har utvecklingen st\u00e5tt relativt stilla i \u00e5rtionden.<\/p>\n<p>Nu har forskare brutit de st\u00f6rsta barri\u00e4rerna och skapat v\u00e4rldens minsta programmerbara robot.<\/p>\n","protected":false},"excerpt":{"rendered":"Att bygga mikroskopiska, programmerbara robotar \u00e4r en enorm utmaning. N\u00e4r robotar blir mindre \u00e4n en millimeter f\u00f6r\u00e4ndras fysikens&hellip;\n","protected":false},"author":2,"featured_media":138108,"comment_status":"","ping_status":"","sticky":false,"template":"","format":"standard","meta":{"footnotes":""},"categories":[69],"tags":[113,112,34,31,33,32,30],"class_list":{"0":"post-138107","1":"post","2":"type-post","3":"status-publish","4":"format-standard","5":"has-post-thumbnail","7":"category-halsa","8":"tag-halsa","9":"tag-health","10":"tag-se","11":"tag-svenska","12":"tag-sverige","13":"tag-sweden","14":"tag-swedish"},"share_on_mastodon":{"url":"https:\/\/pubeurope.com\/@se\/115904843874186029","error":""},"_links":{"self":[{"href":"https:\/\/www.europesays.com\/se\/wp-json\/wp\/v2\/posts\/138107","targetHints":{"allow":["GET"]}}],"collection":[{"href":"https:\/\/www.europesays.com\/se\/wp-json\/wp\/v2\/posts"}],"about":[{"href":"https:\/\/www.europesays.com\/se\/wp-json\/wp\/v2\/types\/post"}],"author":[{"embeddable":true,"href":"https:\/\/www.europesays.com\/se\/wp-json\/wp\/v2\/users\/2"}],"replies":[{"embeddable":true,"href":"https:\/\/www.europesays.com\/se\/wp-json\/wp\/v2\/comments?post=138107"}],"version-history":[{"count":0,"href":"https:\/\/www.europesays.com\/se\/wp-json\/wp\/v2\/posts\/138107\/revisions"}],"wp:featuredmedia":[{"embeddable":true,"href":"https:\/\/www.europesays.com\/se\/wp-json\/wp\/v2\/media\/138108"}],"wp:attachment":[{"href":"https:\/\/www.europesays.com\/se\/wp-json\/wp\/v2\/media?parent=138107"}],"wp:term":[{"taxonomy":"category","embeddable":true,"href":"https:\/\/www.europesays.com\/se\/wp-json\/wp\/v2\/categories?post=138107"},{"taxonomy":"post_tag","embeddable":true,"href":"https:\/\/www.europesays.com\/se\/wp-json\/wp\/v2\/tags?post=138107"}],"curies":[{"name":"wp","href":"https:\/\/api.w.org\/{rel}","templated":true}]}}