{"id":138109,"date":"2026-01-16T12:45:17","date_gmt":"2026-01-16T12:45:17","guid":{"rendered":"https:\/\/www.europesays.com\/se\/138109\/"},"modified":"2026-01-16T12:45:17","modified_gmt":"2026-01-16T12:45:17","slug":"hv71-tog-tre-viktiga-poang-nar-farjestad-besegrades","status":"publish","type":"post","link":"https:\/\/www.europesays.com\/se\/138109\/","title":{"rendered":"HV71 tog tre viktiga po\u00e4ng n\u00e4r F\u00e4rjestad besegrades"},"content":{"rendered":"<p><img decoding=\"async\" src=\"https:\/\/www.europesays.com\/se\/wp-content\/uploads\/2025\/10\/1761485538_815_error-b0945c17.png\" data- class=\"lazyload blur-up z-0\" style=\"\" alt=\"\" width=\"100%\" height=\"auto\" data-v-9e7f635d=\"\"\/><\/p>\n<p>SHL<\/p>\n<p class=\"article-intro\" data-v-7040d6fb=\"\">Inf\u00f6r ett sluts\u00e5lt Husqvarna Garden svarade HV71 f\u00f6r en stark laginsats och tog tre viktiga po\u00e4ng mot F\u00e4rjestad. En effektiv och bl\u00e4ndande andraperiod lade grunden till segern, som till slut skrevs till 5\u20133.<\/p>\n<p>Period 1<\/p>\n<p class=\"paragraph text-left\"> F\u00e4rjestad fick b\u00e4sta m\u00f6jliga start och tog tidigt greppet om matchen. Efter 6:35 kom ledningsm\u00e5let till 0\u20131 i spel fem mot fyra. HV71 hade initialt sv\u00e5rt att f\u00e5 ig\u00e5ng spelet, men arbetade sig successivt in i perioden och j\u00e4mnade ut matchbilden ju l\u00e4ngre perioden led. Trots ett b\u00e4ttre slut fr\u00e5n hemmalaget stod F\u00e4rjestads ledning sig till paus. <\/p>\n<p>Period 2<\/p>\n<p class=\"paragraph text-left\"> Den andra perioden blev ren och sk\u00e4r uppvisning i effektivitet fr\u00e5n HV71. F\u00f6rst kvitterade Hugo Fransson till 1\u20131, innan Hugo Pettersson gav hemmalaget ledningen med 2\u20131 i powerplay. F\u00e4rjestad lyckades visserligen kvittera, men d\u00e4refter tog HV71 fullst\u00e4ndig kontroll. Under loppet av tre intensiva minuter gjorde hemmalaget tre m\u00e5l \u2013 Axel Rindell, William Ignberg Nilsson och Riley Woods hittade alla n\u00e4tet och s\u00e5g till att HV71 gick till pausvila med ett rej\u00e4lt grepp om matchen. <\/p>\n<p>Period 3<\/p>\n<p class=\"paragraph text-left\"> I den tredje perioden sj\u00f6nk HV71 n\u00e5got i banan och fokuserade mer p\u00e5 defensiv struktur. F\u00e4rjestad tryckte p\u00e5 och skapade ett visst tryck, vilket ocks\u00e5 resulterade i en reducering till 3\u20135 efter 13 minuter. N\u00e4rmare \u00e4n s\u00e5 kom dock inte g\u00e4sterna. HV71 stod emot resten av matchen och kunde s\u00e4kra tre v\u00e4lf\u00f6rtj\u00e4nta po\u00e4ng. <\/p>\n<p class=\"paragraph text-left\"> <a target=\"_blank\" href=\"https:\/\/www.hv71.se\/game-center\/j3gjoq13sy\/iuzqg7dqk9\/?state=post-game\" rel=\"nofollow noopener\">Matchsummering<\/a> <\/p>\n","protected":false},"excerpt":{"rendered":"SHL Inf\u00f6r ett sluts\u00e5lt Husqvarna Garden svarade HV71 f\u00f6r en stark laginsats och tog tre viktiga po\u00e4ng mot&hellip;\n","protected":false},"author":2,"featured_media":138110,"comment_status":"","ping_status":"","sticky":false,"template":"","format":"standard","meta":{"footnotes":""},"categories":[68],"tags":[34,111,110,31,33,32,30],"class_list":{"0":"post-138109","1":"post","2":"type-post","3":"status-publish","4":"format-standard","5":"has-post-thumbnail","7":"category-sport","8":"tag-se","9":"tag-sport","10":"tag-sports","11":"tag-svenska","12":"tag-sverige","13":"tag-sweden","14":"tag-swedish"},"share_on_mastodon":{"url":"https:\/\/pubeurope.com\/@se\/115904847756023787","error":""},"_links":{"self":[{"href":"https:\/\/www.europesays.com\/se\/wp-json\/wp\/v2\/posts\/138109","targetHints":{"allow":["GET"]}}],"collection":[{"href":"https:\/\/www.europesays.com\/se\/wp-json\/wp\/v2\/posts"}],"about":[{"href":"https:\/\/www.europesays.com\/se\/wp-json\/wp\/v2\/types\/post"}],"author":[{"embeddable":true,"href":"https:\/\/www.europesays.com\/se\/wp-json\/wp\/v2\/users\/2"}],"replies":[{"embeddable":true,"href":"https:\/\/www.europesays.com\/se\/wp-json\/wp\/v2\/comments?post=138109"}],"version-history":[{"count":0,"href":"https:\/\/www.europesays.com\/se\/wp-json\/wp\/v2\/posts\/138109\/revisions"}],"wp:featuredmedia":[{"embeddable":true,"href":"https:\/\/www.europesays.com\/se\/wp-json\/wp\/v2\/media\/138110"}],"wp:attachment":[{"href":"https:\/\/www.europesays.com\/se\/wp-json\/wp\/v2\/media?parent=138109"}],"wp:term":[{"taxonomy":"category","embeddable":true,"href":"https:\/\/www.europesays.com\/se\/wp-json\/wp\/v2\/categories?post=138109"},{"taxonomy":"post_tag","embeddable":true,"href":"https:\/\/www.europesays.com\/se\/wp-json\/wp\/v2\/tags?post=138109"}],"curies":[{"name":"wp","href":"https:\/\/api.w.org\/{rel}","templated":true}]}}