{"id":138133,"date":"2026-01-16T13:07:36","date_gmt":"2026-01-16T13:07:36","guid":{"rendered":"https:\/\/www.europesays.com\/se\/138133\/"},"modified":"2026-01-16T13:07:36","modified_gmt":"2026-01-16T13:07:36","slug":"sl-varnar-for-trafikproblem-i-stockholm-under-snokaos","status":"publish","type":"post","link":"https:\/\/www.europesays.com\/se\/138133\/","title":{"rendered":"SL varnar f\u00f6r trafikproblem i Stockholm under sn\u00f6kaos"},"content":{"rendered":"<p>Publicerad 14 jan 2026 kl 19.32Uppdaterad kl 21.19<\/p>\n<p>Fastk\u00f6rda bussar i Huddinge, st\u00f6rningar i city och problem i tunnelbanan.<\/p>\n<p>V\u00e4derkaoset sl\u00e5r mot stora delar av Stockholms kollektivtrafik.<\/p>\n<p>\u2013 Ta p\u00e5 ett par ordentliga skor och var beredd p\u00e5 att g\u00e5, s\u00e4ger Karolina Wichman p\u00e5 SL.\u00a0<\/p>\n<p>Senaste nyhetsklippen fr\u00e5n Expressen.<img   alt=\"\"\/><\/p>\n<p>I Huddinge fastnade flera bussar under onsdagseftermiddagen.<\/p>\n<p>Foto: Stefan Reinerdal \/ RosaHelikopter<\/p>\n<p>\u00d6ppna bild i helsk\u00e4rm<\/p>\n<p>Efter ett tungt sn\u00f6fall och flera fastk\u00f6rda fordon under onsdagen s\u00e5 har <a href=\"https:\/\/www.expressen.se\/tagg\/organization\/sl\/\" class=\"\" rel=\"nofollow noopener\" target=\"_blank\">SL<\/a> beh\u00f6vt agera.<\/p>\n<p>Flera linjer har dragits om, l\u00e4ngre bussar byts ut och resen\u00e4rer uppmanas att r\u00e4kna med f\u00f6rseningar.<\/p>\n<p>\u2013 Det \u00e4r mycket strul p\u00e5 alla h\u00e5ll just nu, s\u00e4ger Karolina Wichman p\u00e5 SL:s pressjour.<\/p>\n<p>Problemen \u00e4r s\u00e4rskilt stora i s\u00f6dra Stockholm. I Masmo k\u00f6rde lastbilar fast i en backe, vilket \u00e4ven stoppade SL:s bussar.<\/p>\n<p>\u2013 N\u00e4r jag pratade med trafikoperat\u00f6ren vid 18.45-tiden hade det precis b\u00f6rjat rulla p\u00e5 igen, s\u00e4ger Karolina Wichman.<\/p>\n<p>F\u00f6r att minska riskerna har SL tagit bort de l\u00e4ngre ledbussarna och satt in kortare bussar p\u00e5 flera str\u00e4ckor.<\/p>\n<p>Linjer kortas ned och l\u00e4ggs om<\/p>\n<p>Samtidigt tvingas SL l\u00e4gga om trafiken.<\/p>\n<p>\u2013 Vi beh\u00f6ver dra om vissa bussturer och korta ner andra, s\u00e4ger Wichman.<\/p>\n<p>Men problemen \u00e4r inte begr\u00e4nsade till ytteromr\u00e5den. \u00c4ven i Stockholms city har busstrafiken kraftiga st\u00f6rningar, och bl\u00e5 linjen dras med oregelbunden trafik och inst\u00e4llda avg\u00e5ngar.<\/p>\n<p>Hur l\u00e4nge det besv\u00e4rliga v\u00e4derl\u00e4get kommer att p\u00e5verka trafiken \u00e4r oklart.<\/p>\n<p>\u2013 Det \u00e4r sv\u00e5rt att sia om. Just nu \u00e4r det plusgrader, men om det fryser p\u00e5 blir det v\u00e4ldigt halt p\u00e5 v\u00e4garna, s\u00e4ger Wichman.<\/p>\n<p>SL uppmanar nu resen\u00e4rer att vara extra f\u00f6rberedda inf\u00f6r kv\u00e4llens och nattens resor. Och r\u00e5det \u00e4r tydligt:<\/p>\n<p>\u2013 Ta p\u00e5 er ordentliga skor och var beredd p\u00e5 att f\u00e5 g\u00e5. Resan kan ta l\u00e4ngre tid \u00e4n man \u00e4r van vid.<\/p>\n","protected":false},"excerpt":{"rendered":"Publicerad 14 jan 2026 kl 19.32Uppdaterad kl 21.19 Fastk\u00f6rda bussar i Huddinge, st\u00f6rningar i city och problem i&hellip;\n","protected":false},"author":2,"featured_media":138134,"comment_status":"","ping_status":"","sticky":false,"template":"","format":"standard","meta":{"footnotes":""},"categories":[12],"tags":[22,23,26,27,17,21,24,25,4689,135,28,29,15,16,782,18,34,281,31,33,32,30,19,437,9026,12707,20],"class_list":{"0":"post-138133","1":"post","2":"type-post","3":"status-publish","4":"format-standard","5":"has-post-thumbnail","7":"category-sverige","8":"tag-breaking-news","9":"tag-breakingnews","10":"tag-featured-news","11":"tag-featurednews","12":"tag-headlines","13":"tag-huvudnyheter","14":"tag-latest-news","15":"tag-latestnews","16":"tag-location-huddinge","17":"tag-location-stockholm","18":"tag-main-news","19":"tag-mainnews","20":"tag-news","21":"tag-nyheter","22":"tag-organization-sl","23":"tag-rubriker","24":"tag-se","25":"tag-sections-vader","26":"tag-svenska","27":"tag-sverige","28":"tag-sweden","29":"tag-swedish","30":"tag-top-stories","31":"tag-topic-kollektivtrafik","32":"tag-topic-snoovader","33":"tag-topic-snorojning","34":"tag-topstories"},"share_on_mastodon":{"url":"https:\/\/pubeurope.com\/@se\/115904934317159835","error":""},"_links":{"self":[{"href":"https:\/\/www.europesays.com\/se\/wp-json\/wp\/v2\/posts\/138133","targetHints":{"allow":["GET"]}}],"collection":[{"href":"https:\/\/www.europesays.com\/se\/wp-json\/wp\/v2\/posts"}],"about":[{"href":"https:\/\/www.europesays.com\/se\/wp-json\/wp\/v2\/types\/post"}],"author":[{"embeddable":true,"href":"https:\/\/www.europesays.com\/se\/wp-json\/wp\/v2\/users\/2"}],"replies":[{"embeddable":true,"href":"https:\/\/www.europesays.com\/se\/wp-json\/wp\/v2\/comments?post=138133"}],"version-history":[{"count":0,"href":"https:\/\/www.europesays.com\/se\/wp-json\/wp\/v2\/posts\/138133\/revisions"}],"wp:featuredmedia":[{"embeddable":true,"href":"https:\/\/www.europesays.com\/se\/wp-json\/wp\/v2\/media\/138134"}],"wp:attachment":[{"href":"https:\/\/www.europesays.com\/se\/wp-json\/wp\/v2\/media?parent=138133"}],"wp:term":[{"taxonomy":"category","embeddable":true,"href":"https:\/\/www.europesays.com\/se\/wp-json\/wp\/v2\/categories?post=138133"},{"taxonomy":"post_tag","embeddable":true,"href":"https:\/\/www.europesays.com\/se\/wp-json\/wp\/v2\/tags?post=138133"}],"curies":[{"name":"wp","href":"https:\/\/api.w.org\/{rel}","templated":true}]}}