{"id":138140,"date":"2026-01-16T13:17:07","date_gmt":"2026-01-16T13:17:07","guid":{"rendered":"https:\/\/www.europesays.com\/se\/138140\/"},"modified":"2026-01-16T13:17:07","modified_gmt":"2026-01-16T13:17:07","slug":"straffen-for-diving-gors-om-i-shl-hardare-straff","status":"publish","type":"post","link":"https:\/\/www.europesays.com\/se\/138140\/","title":{"rendered":"Straffen f\u00f6r diving g\u00f6rs om i SHL \u2013 h\u00e5rdare straff"},"content":{"rendered":"<p>Publicerad 16 jan 2026 kl 13.18Uppdaterad kl 14.07<\/p>\n<p>SHL ser ett \u00f6kat problem med filmningar och f\u00f6rst\u00e4rkningar.<\/p>\n<p>D\u00e4rf\u00f6r har man tryckt p\u00e5 f\u00f6r ett nytt b\u00f6tessystem som disciplinn\u00e4mnden nu g\u00e5tt med p\u00e5.<\/p>\n<p>Enligt uppgifter till Expressen kommer h\u00f6gavl\u00f6nade spelare att f\u00e5 b\u00f6tesbeloppet dubblerade.<\/p>\n<p>\u2013 Vi kommer att kommunicera inom kort. I \u00f6vrigt vill jag inte kommentera, s\u00e4ger SHL:s sportchef Johan Hemlin.\u00a0<\/p>\n<p><img   alt=\"\"\/><\/p>\n<p>Leksandstalangen Tinus Luc Koblar har f\u00e4llts f\u00f6r filmning under s\u00e4songen.<\/p>\n<p>Foto: DANIEL ERIKSSON \/ BILDBYR\u00c5N<\/p>\n<p>\u00d6ppna bild i helsk\u00e4rm<img loading=\"lazy\"   alt=\"\"\/><\/p>\n<p>Brendan Shinnimin har blivit omtalad f\u00f6r filmningar tidigare.<\/p>\n<p>Foto: MICHAEL ERICHSEN \/ BILDBYR\u00c5N<\/p>\n<p>\u00d6ppna bild i helsk\u00e4rm<\/p>\n<p>Sedan <a href=\"https:\/\/www.expressen.se\/tagg\/organization\/shl\/\" class=\"\" rel=\"nofollow noopener\" target=\"_blank\">SHL<\/a> fick m\u00f6jlighet att utd\u00f6ma b\u00f6ter f\u00f6r spelare som f\u00e4lls f\u00f6r filmningar och f\u00f6rst\u00e4rkningar har det varit samma belopp som delas ut till samtliga.<\/p>\n<p>5000 kronor f\u00f6r f\u00f6rsta f\u00f6rseelsen, och 10 000 kronor f\u00f6r den andra.<\/p>\n<p>Nu \u00f6kar den summan.<\/p>\n<p>Enligt Expressens uppgifter har samtliga klubbar i SHL st\u00e5tt bakom ett f\u00f6rslag som tr\u00e4der i kraft omg\u00e5ende efter ett beslut som disciplinn\u00e4mnden fattat.\u00a0<\/p>\n<p>F\u00f6r spelare som tj\u00e4nar 50 000 kronor eller mindre i m\u00e5naden ligger man kvar p\u00e5 5000 kronor. Men f\u00f6r \u00f6vriga \u00f6kar beloppet och blir mer inkomstbaserat.\u00a0<\/p>\n<p>Mer h\u00f6gavl\u00f6nade spelare kommer att straffas med tio procent av sin l\u00f6n, men bara upp till 10 000 kronor.\u00a0<\/p>\n<p>\u00c4ndringen inf\u00f6rs direkt<\/p>\n<p>Det inneb\u00e4r att spelare som tj\u00e4nar mellan 50 001 kronor till 99 999 kronor per m\u00e5nad f\u00e5r tio procent av sin l\u00f6n om man f\u00e4lls f\u00f6r diving. \u00d6vriga, som tj\u00e4nar \u00f6ver, f\u00e5r 10 000 kronor.<\/p>\n<p>Skulle man st\u00e5 f\u00f6r ytterligare en f\u00f6rseelse, som man f\u00e4lls f\u00f6r av disciplinn\u00e4mnden, s\u00e5 kommer man att f\u00e5 ett p\u00e5slag p\u00e5 ytterligare 15 procent. Det inneb\u00e4r att man vid andra f\u00f6rseelsen kommer spelare att f\u00e5 en bot p\u00e5 11 500 kronor.<\/p>\n<p>\u2013 SHL har tagit vidare den diskussionen som vi hade med disciplinn\u00e4mnden i december d\u00e5 vi hade v\u00e5r halvs\u00e4songsutv\u00e4rdering. SHL sk\u00e4rper sina rutiner, det vi kan p\u00e5verka. Och vi har haft en bra dialog med disciplinn\u00e4mnden, s\u00e4ger SHL:s sportchef Johan Hemlin som sedan till\u00e4gger:<\/p>\n<p>\u2013 I \u00f6vrigt vill jag inte kommentera n\u00e5got mer.<\/p>\n<p>Klubbarna tog under fredagen del av den nya informationen, och det g\u00e4ller omg\u00e5ende.<\/p>\n","protected":false},"excerpt":{"rendered":"Publicerad 16 jan 2026 kl 13.18Uppdaterad kl 14.07 SHL ser ett \u00f6kat problem med filmningar och f\u00f6rst\u00e4rkningar. D\u00e4rf\u00f6r&hellip;\n","protected":false},"author":2,"featured_media":138141,"comment_status":"","ping_status":"","sticky":false,"template":"","format":"standard","meta":{"footnotes":""},"categories":[5],"tags":[22,23,26,27,17,21,24,25,28,29,15,16,1179,18,34,255,823,31,33,32,30,19,20],"class_list":{"0":"post-138140","1":"post","2":"type-post","3":"status-publish","4":"format-standard","5":"has-post-thumbnail","7":"category-rubriker","8":"tag-breaking-news","9":"tag-breakingnews","10":"tag-featured-news","11":"tag-featurednews","12":"tag-headlines","13":"tag-huvudnyheter","14":"tag-latest-news","15":"tag-latestnews","16":"tag-main-news","17":"tag-mainnews","18":"tag-news","19":"tag-nyheter","20":"tag-organization-shl","21":"tag-rubriker","22":"tag-se","23":"tag-sections-ishockey","24":"tag-sections-shl","25":"tag-svenska","26":"tag-sverige","27":"tag-sweden","28":"tag-swedish","29":"tag-top-stories","30":"tag-topstories"},"share_on_mastodon":{"url":"https:\/\/pubeurope.com\/@se\/115904973630131054","error":""},"_links":{"self":[{"href":"https:\/\/www.europesays.com\/se\/wp-json\/wp\/v2\/posts\/138140","targetHints":{"allow":["GET"]}}],"collection":[{"href":"https:\/\/www.europesays.com\/se\/wp-json\/wp\/v2\/posts"}],"about":[{"href":"https:\/\/www.europesays.com\/se\/wp-json\/wp\/v2\/types\/post"}],"author":[{"embeddable":true,"href":"https:\/\/www.europesays.com\/se\/wp-json\/wp\/v2\/users\/2"}],"replies":[{"embeddable":true,"href":"https:\/\/www.europesays.com\/se\/wp-json\/wp\/v2\/comments?post=138140"}],"version-history":[{"count":0,"href":"https:\/\/www.europesays.com\/se\/wp-json\/wp\/v2\/posts\/138140\/revisions"}],"wp:featuredmedia":[{"embeddable":true,"href":"https:\/\/www.europesays.com\/se\/wp-json\/wp\/v2\/media\/138141"}],"wp:attachment":[{"href":"https:\/\/www.europesays.com\/se\/wp-json\/wp\/v2\/media?parent=138140"}],"wp:term":[{"taxonomy":"category","embeddable":true,"href":"https:\/\/www.europesays.com\/se\/wp-json\/wp\/v2\/categories?post=138140"},{"taxonomy":"post_tag","embeddable":true,"href":"https:\/\/www.europesays.com\/se\/wp-json\/wp\/v2\/tags?post=138140"}],"curies":[{"name":"wp","href":"https:\/\/api.w.org\/{rel}","templated":true}]}}