{"id":138163,"date":"2026-01-16T13:41:06","date_gmt":"2026-01-16T13:41:06","guid":{"rendered":"https:\/\/www.europesays.com\/se\/138163\/"},"modified":"2026-01-16T13:41:06","modified_gmt":"2026-01-16T13:41:06","slug":"mamma-doms-straffade-och-laste-in-sina-barn","status":"publish","type":"post","link":"https:\/\/www.europesays.com\/se\/138163\/","title":{"rendered":"Mamma d\u00f6ms \u2013 straffade och l\u00e5ste in sina barn"},"content":{"rendered":"<p>En kvinna i Kronobergs l\u00e4n d\u00f6ms till fem \u00e5rs f\u00e4ngelse f\u00f6r att ha sp\u00e4rrat straffat sina barn och h\u00e5llit dem inl\u00e5sta p\u00e5 olika platser i hemmet, rapporterar TT. <\/p>\n<p>Kvinnan ska bland annat ha tryckt ner en av sina d\u00f6ttrars ansikten i h\u00e4stbajs och duschat sina barn i omv\u00e4xlande iskallt och sk\u00e5llhett vatten. Bestraffningarna anv\u00e4ndes n\u00e4r barnen inte sk\u00f6tte sina hush\u00e5llssysslor, skriver Aftonbladet.<\/p>\n<p>Det hela uppdagades n\u00e4r n\u00e5gra av de \u00e4ldre barnen gick samman och best\u00e4mde sig f\u00f6r att anm\u00e4la.<\/p>\n<p>Kvinnan har hela tiden nekat, och sj\u00e4lv sagt sig vara den utsatta.<\/p>\n<p>Omni \u00e4r politiskt obundna och oberoende. Vi str\u00e4var efter att ge fler perspektiv p\u00e5 nyheterna. Har du fr\u00e5gor eller synpunkter kring v\u00e5r rapportering? <a href=\"https:\/\/omni.se\/mamma-doms-straffade-och-laste-in-sina-barn\/a\/mailto:redaktion@omni.se\" class=\"ArticleActions_contactLink__W2F1M\" rel=\"nofollow noopener\" target=\"_blank\">Kontakta redaktionen<\/a><\/p>\n","protected":false},"excerpt":{"rendered":"En kvinna i Kronobergs l\u00e4n d\u00f6ms till fem \u00e5rs f\u00e4ngelse f\u00f6r att ha sp\u00e4rrat straffat sina barn och&hellip;\n","protected":false},"author":2,"featured_media":138164,"comment_status":"","ping_status":"","sticky":false,"template":"","format":"standard","meta":{"footnotes":""},"categories":[5],"tags":[22,23,128,26,27,17,21,2244,24,25,28,29,15,16,18,34,31,33,32,30,19,20],"class_list":{"0":"post-138163","1":"post","2":"type-post","3":"status-publish","4":"format-standard","5":"has-post-thumbnail","7":"category-rubriker","8":"tag-breaking-news","9":"tag-breakingnews","10":"tag-brott","11":"tag-featured-news","12":"tag-featurednews","13":"tag-headlines","14":"tag-huvudnyheter","15":"tag-kronobergs-lan","16":"tag-latest-news","17":"tag-latestnews","18":"tag-main-news","19":"tag-mainnews","20":"tag-news","21":"tag-nyheter","22":"tag-rubriker","23":"tag-se","24":"tag-svenska","25":"tag-sverige","26":"tag-sweden","27":"tag-swedish","28":"tag-top-stories","29":"tag-topstories"},"share_on_mastodon":{"url":"https:\/\/pubeurope.com\/@se\/115905067927385623","error":""},"_links":{"self":[{"href":"https:\/\/www.europesays.com\/se\/wp-json\/wp\/v2\/posts\/138163","targetHints":{"allow":["GET"]}}],"collection":[{"href":"https:\/\/www.europesays.com\/se\/wp-json\/wp\/v2\/posts"}],"about":[{"href":"https:\/\/www.europesays.com\/se\/wp-json\/wp\/v2\/types\/post"}],"author":[{"embeddable":true,"href":"https:\/\/www.europesays.com\/se\/wp-json\/wp\/v2\/users\/2"}],"replies":[{"embeddable":true,"href":"https:\/\/www.europesays.com\/se\/wp-json\/wp\/v2\/comments?post=138163"}],"version-history":[{"count":0,"href":"https:\/\/www.europesays.com\/se\/wp-json\/wp\/v2\/posts\/138163\/revisions"}],"wp:featuredmedia":[{"embeddable":true,"href":"https:\/\/www.europesays.com\/se\/wp-json\/wp\/v2\/media\/138164"}],"wp:attachment":[{"href":"https:\/\/www.europesays.com\/se\/wp-json\/wp\/v2\/media?parent=138163"}],"wp:term":[{"taxonomy":"category","embeddable":true,"href":"https:\/\/www.europesays.com\/se\/wp-json\/wp\/v2\/categories?post=138163"},{"taxonomy":"post_tag","embeddable":true,"href":"https:\/\/www.europesays.com\/se\/wp-json\/wp\/v2\/tags?post=138163"}],"curies":[{"name":"wp","href":"https:\/\/api.w.org\/{rel}","templated":true}]}}