{"id":138165,"date":"2026-01-16T13:43:10","date_gmt":"2026-01-16T13:43:10","guid":{"rendered":"https:\/\/www.europesays.com\/se\/138165\/"},"modified":"2026-01-16T13:43:10","modified_gmt":"2026-01-16T13:43:10","slug":"slots-farska-ord-om-isak-borta-flera-manader-premier-league","status":"publish","type":"post","link":"https:\/\/www.europesays.com\/se\/138165\/","title":{"rendered":"Slots f\u00e4rska ord om Isak: &#8221;Borta flera m\u00e5nader&#8221; &#8211; Premier League"},"content":{"rendered":"<p>Liverpool-stj\u00e4rnan Alexander Isak, 26, har genomf\u00f6rt en operation &#8211; efter att ha skadat sin ena fotled och \u00e5kt p\u00e5 en fraktur i sitt ena vadben. I samband med beskedet i december ber\u00e4ttade tr\u00e4naren Arne Slot att svensken v\u00e4ntas bli borta fr\u00e5n spel i flera m\u00e5nader. D\u00e4remot gav han inte n\u00e5gon exakt dag eller m\u00e5nad. <\/p>\n<p>Nu ger Slot en ny uppdatering om att samma tidshorisont g\u00e4ller.<\/p>\n<p>&#8211; Alexander Isak blir borta i flera m\u00e5nader, s\u00e4ger nederl\u00e4ndaren p\u00e5 klubbens hemsida.<\/p>\n<p>F\u00f6r svensk del \u00e4r det rej\u00e4lt ovisst om Isak kan delta i VM-kvalet i slutet av mars, d\u00e5 Sverige f\u00f6rst st\u00e4lls mot Ukraina i en playoff-semifinal. Vid seger f\u00e5r Bl\u00e5gult \u00e4ven spela en playoff-final, d\u00e4r vinnaren f\u00e5r en plats i VM-slutspelet. <\/p>\n<p>Landslagschef Stefan Pettersson vet i nul\u00e4get inte om Isak kommer vara disponibel till playoff-semifinalen.<\/p>\n<p>&#8211; Att han \u00e4r i en rehabiliteringsfas vet vi alla. Hur l\u00e5ng tid det kommer ta f\u00e5r vi se. Liverpool sk\u00f6ter all kommunikation men vi har naturligtvis kontakt, s\u00e4ger Pettersson till Fotbollskanalen. <\/p>\n<p><strong>Ni har inte f\u00e5tt n\u00e5gon indikation kring huruvida han skulle kunna vara aktuell f\u00f6r spel mot Ukraina?<\/strong><br \/>&#8211; Det \u00e5terst\u00e5r att se (om Isak kommer kunna spela).<\/p>\n<p>&#8211; Jag vet sj\u00e4lv hur det var n\u00e4r jag var korsbandsskadad. D\u00e5 l\u00e4t det att jag skulle vara borta i ett \u00e5r men s\u00e5 vad jag tillbaka p\u00e5 sju m\u00e5nader. Och sen har man h\u00f6rt n\u00e4r det blivit tv\u00e4rtom. <\/p>\n<p>Pettersson avslutar:<\/p>\n<p>&#8211; Det \u00e4r s\u00e5 tidigt in i hans rehab. Vi f\u00f6ljer det s\u00e5 klart men det finns inte mer \u00e4n s\u00e5 att s\u00e4ga. <\/p>\n<p>Isak \u00e4r den h\u00e4r s\u00e4songen noterad f\u00f6r tre m\u00e5l och en assist p\u00e5 16 matcher med Liverpool. Han har kontrakt till 2031. <\/p>\n","protected":false},"excerpt":{"rendered":"Liverpool-stj\u00e4rnan Alexander Isak, 26, har genomf\u00f6rt en operation &#8211; efter att ha skadat sin ena fotled och \u00e5kt&hellip;\n","protected":false},"author":2,"featured_media":138166,"comment_status":"","ping_status":"","sticky":false,"template":"","format":"standard","meta":{"footnotes":""},"categories":[68],"tags":[34,111,110,31,33,32,30],"class_list":{"0":"post-138165","1":"post","2":"type-post","3":"status-publish","4":"format-standard","5":"has-post-thumbnail","7":"category-sport","8":"tag-se","9":"tag-sport","10":"tag-sports","11":"tag-svenska","12":"tag-sverige","13":"tag-sweden","14":"tag-swedish"},"share_on_mastodon":{"url":"https:\/\/pubeurope.com\/@se\/115905075915730769","error":""},"_links":{"self":[{"href":"https:\/\/www.europesays.com\/se\/wp-json\/wp\/v2\/posts\/138165","targetHints":{"allow":["GET"]}}],"collection":[{"href":"https:\/\/www.europesays.com\/se\/wp-json\/wp\/v2\/posts"}],"about":[{"href":"https:\/\/www.europesays.com\/se\/wp-json\/wp\/v2\/types\/post"}],"author":[{"embeddable":true,"href":"https:\/\/www.europesays.com\/se\/wp-json\/wp\/v2\/users\/2"}],"replies":[{"embeddable":true,"href":"https:\/\/www.europesays.com\/se\/wp-json\/wp\/v2\/comments?post=138165"}],"version-history":[{"count":0,"href":"https:\/\/www.europesays.com\/se\/wp-json\/wp\/v2\/posts\/138165\/revisions"}],"wp:featuredmedia":[{"embeddable":true,"href":"https:\/\/www.europesays.com\/se\/wp-json\/wp\/v2\/media\/138166"}],"wp:attachment":[{"href":"https:\/\/www.europesays.com\/se\/wp-json\/wp\/v2\/media?parent=138165"}],"wp:term":[{"taxonomy":"category","embeddable":true,"href":"https:\/\/www.europesays.com\/se\/wp-json\/wp\/v2\/categories?post=138165"},{"taxonomy":"post_tag","embeddable":true,"href":"https:\/\/www.europesays.com\/se\/wp-json\/wp\/v2\/tags?post=138165"}],"curies":[{"name":"wp","href":"https:\/\/api.w.org\/{rel}","templated":true}]}}