{"id":138169,"date":"2026-01-16T13:45:04","date_gmt":"2026-01-16T13:45:04","guid":{"rendered":"https:\/\/www.europesays.com\/se\/138169\/"},"modified":"2026-01-16T13:45:04","modified_gmt":"2026-01-16T13:45:04","slug":"uppgifter-apple-filar-pa-ny-modell-av-pro-display-xdr","status":"publish","type":"post","link":"https:\/\/www.europesays.com\/se\/138169\/","title":{"rendered":"Uppgifter: Apple filar p\u00e5 ny modell av Pro Display XDR"},"content":{"rendered":"<p>Apple kan komma att lansera en eller flera nya bildsk\u00e4rmar inom n\u00e5gra m\u00e5nader.<\/p>\n<p>En bildsk\u00e4rm med modellnumret A3350 har n\u00e4mligen dykt upp i en kinesisk databas, men det framg\u00e5r inte om det r\u00f6r sig om Apple Studio Display eller Pro Display XDR.<\/p>\n<p>De nuvarande modellerna lanserades i mars 2022 respektive december 2019, s\u00e5 det \u00e4r onekligen h\u00f6g tid f\u00f6r en uppgradering.<\/p>\n<p>Enligt <a href=\"https:\/\/idg.digidip.net\/visit?url=https:\/\/www.macrumors.com\/2026\/01\/15\/new-studio-display-or-pro-display-xdr-filing\/&amp;currurl=https:\/\/www.macworld.se\/article\/1561608\/apple-bildskarm-2026.html&amp;ref=7-1-1561608-1-0-0-0-0\" data-type=\"link\" data-id=\"https:\/\/www.macrumors.com\/2026\/01\/15\/new-studio-display-or-pro-display-xdr-filing\/\" rel=\"nofollow noopener\" data-subtag=\"7-1-1561608-1-0-0-0-0\" data-domain-name=\"macrumors\" target=\"_blank\">Macrumors<\/a> kan vi r\u00e4kna med att f\u00e5 se h\u00f6gre uppl\u00f6sning och mer kraftfulla chipp, men om vi \u00e4ven f\u00e5r se nya storlekar \u00e5terst\u00e5r att se.<\/p>\n<p>Historiskt sett har Apple lanserat nya sk\u00e4rmar i samband med uppgraderingar av Mac Pro, s\u00e5 kanske blir det samma sak \u00e4ven i \u00e5r.<\/p>\n","protected":false},"excerpt":{"rendered":"Apple kan komma att lansera en eller flera nya bildsk\u00e4rmar inom n\u00e5gra m\u00e5nader. En bildsk\u00e4rm med modellnumret A3350&hellip;\n","protected":false},"author":2,"featured_media":138170,"comment_status":"","ping_status":"","sticky":false,"template":"","format":"standard","meta":{"footnotes":""},"categories":[66],"tags":[80,78,79,34,31,33,32,30,81,84,83,82],"class_list":{"0":"post-138169","1":"post","2":"type-post","3":"status-publish","4":"format-standard","5":"has-post-thumbnail","7":"category-vetenskap-och-teknik","8":"tag-science","9":"tag-science-and-technology","10":"tag-scienceandtechnology","11":"tag-se","12":"tag-svenska","13":"tag-sverige","14":"tag-sweden","15":"tag-swedish","16":"tag-technology","17":"tag-teknik","18":"tag-vetenskap","19":"tag-vetenskapteknik"},"share_on_mastodon":{"url":"https:\/\/pubeurope.com\/@se\/115905083723430382","error":""},"_links":{"self":[{"href":"https:\/\/www.europesays.com\/se\/wp-json\/wp\/v2\/posts\/138169","targetHints":{"allow":["GET"]}}],"collection":[{"href":"https:\/\/www.europesays.com\/se\/wp-json\/wp\/v2\/posts"}],"about":[{"href":"https:\/\/www.europesays.com\/se\/wp-json\/wp\/v2\/types\/post"}],"author":[{"embeddable":true,"href":"https:\/\/www.europesays.com\/se\/wp-json\/wp\/v2\/users\/2"}],"replies":[{"embeddable":true,"href":"https:\/\/www.europesays.com\/se\/wp-json\/wp\/v2\/comments?post=138169"}],"version-history":[{"count":0,"href":"https:\/\/www.europesays.com\/se\/wp-json\/wp\/v2\/posts\/138169\/revisions"}],"wp:featuredmedia":[{"embeddable":true,"href":"https:\/\/www.europesays.com\/se\/wp-json\/wp\/v2\/media\/138170"}],"wp:attachment":[{"href":"https:\/\/www.europesays.com\/se\/wp-json\/wp\/v2\/media?parent=138169"}],"wp:term":[{"taxonomy":"category","embeddable":true,"href":"https:\/\/www.europesays.com\/se\/wp-json\/wp\/v2\/categories?post=138169"},{"taxonomy":"post_tag","embeddable":true,"href":"https:\/\/www.europesays.com\/se\/wp-json\/wp\/v2\/tags?post=138169"}],"curies":[{"name":"wp","href":"https:\/\/api.w.org\/{rel}","templated":true}]}}