{"id":138173,"date":"2026-01-16T13:51:07","date_gmt":"2026-01-16T13:51:07","guid":{"rendered":"https:\/\/www.europesays.com\/se\/138173\/"},"modified":"2026-01-16T13:51:07","modified_gmt":"2026-01-16T13:51:07","slug":"mastarna-besokte-trump-i-vita-huset-inget-slar-det-har","status":"publish","type":"post","link":"https:\/\/www.europesays.com\/se\/138173\/","title":{"rendered":"M\u00e4starna bes\u00f6kte Trump i Vita Huset: &#8221;Inget sl\u00e5r det h\u00e4r&#8221;"},"content":{"rendered":"<p><strong><a href=\"https:\/\/hockeysverige.se\/klubb\/florida-panthers\/\" rel=\"nofollow noopener\" target=\"_blank\">Florida Panthers<\/a> var under g\u00e5rdagen p\u00e5 plats i Vita Huset. De regerande Stanley Cup-m\u00e4starna stod kvar vid traditionen \u2013 och bes\u00f6kte den kontroversiella presidenten Donald Trump.<\/strong><\/p>\n<p><img loading=\"lazy\" decoding=\"async\" width=\"1024\" height=\"658\" src=\"https:\/\/www.europesays.com\/se\/wp-content\/uploads\/2026\/01\/Trump-Tkachuk-1024x658.webp.webp\" alt=\"\" class=\"wp-image-346166\"  \/>Florida Panthers i Vita Huest med Donald Trump. H\u00e4r \u00e4r presidenten med Matthew Tkachuk.<br \/>Foto: AP Photo\/Alex Brandon.<\/p>\n<p>Varje \u00e5r f\u00e5r Stanley Cup-m\u00e4starna bes\u00f6ka presidenten i det Vita Huset. Det \u00e4r en \u00e5rlig tradition som har blivit mer och mer kontroversiell. Inte minst med tanke p\u00e5 Donald Trump och hans uppt\u00e5g som president. Den senaste tiden har han hotat att ta \u00f6ver Gr\u00f6nland och \u00e4ven invaderat och avsatt Venezuelas president Nicolas Maduro. Till det har det \u00e4ven varit stormigt inom landet, inte minst efter att immigrationspolisen ICE blivit allt mer aggressiv.<\/p>\n<p>Det var bara f\u00f6r en dryg vecka sedan som en kvinna blev skjuten av en ICE-polis.<\/p>\n<p>Kritiken mot presidenten har d\u00e4rf\u00f6r tilltagit, b\u00e5de utomlands och inne i USA. Det l\u00e4t d\u00e4remot inte stoppa Florida Panthers fr\u00e5n att bes\u00f6ka honom i Vita Huset. Under g\u00e5rdagen var laget p\u00e5 plats i byggnaden och tr\u00e4ffade Donald Trump. Extra stolt var ocks\u00e5 Matthew Tkachuk, som inte h\u00f6ll igen med hur h\u00f6gt han aktar sin president.<\/p>\n<p>\u2014 De tv\u00e5 titlarna var r\u00e4tt h\u00e4ftiga, men den d\u00e4r promenaden med dig \u201dTrumpar\u201d allt. Inget sl\u00e5r det h\u00e4r. Jag \u00e4r en stolt amerikan och stolt \u00f6ver att f\u00e5 vara h\u00e4r med dig, <a href=\"https:\/\/x.com\/RapidResponse47\/status\/2011917662264152301?s=20&amp;fbclid=IwY2xjawPXDcBleHRuA2FlbQIxMQBzcnRjBmFwcF9pZAEwAAEeDtFM7TakkyDNw-2y7t0UJ7rXQdzUd8fT8fMl58PRHRQWE1ZEq8TrcsV0X20_aem_v2YQmBLOHIHvHVZhnQ-qwQ\" rel=\"nofollow\">sa stj\u00e4rnan.<\/a><\/p>\n<p>I laget spelar <a href=\"https:\/\/hockeysverige.se\/spelare\/jesper-boqvist\/\" rel=\"nofollow noopener\" target=\"_blank\">Jesper Boqvist<\/a> och <a href=\"https:\/\/hockeysverige.se\/spelare\/gustav-forsling\/\" rel=\"nofollow noopener\" target=\"_blank\">Gustav Forsling<\/a>. <\/p>\n<p> Source: <a href=\"https:\/\/www.eliteprospects.com\/team\/62\/undefined\" target=\"_blank\" rel=\"noopener noreferrer nofollow\">Florida Panthers<\/a> @ Elite Prospects<\/p>\n","protected":false},"excerpt":{"rendered":"Florida Panthers var under g\u00e5rdagen p\u00e5 plats i Vita Huset. De regerande Stanley Cup-m\u00e4starna stod kvar vid traditionen&hellip;\n","protected":false},"author":2,"featured_media":138174,"comment_status":"","ping_status":"","sticky":false,"template":"","format":"standard","meta":{"footnotes":""},"categories":[68],"tags":[247,34,133,111,110,31,33,32,30],"class_list":{"0":"post-138173","1":"post","2":"type-post","3":"status-publish","4":"format-standard","5":"has-post-thumbnail","7":"category-sport","8":"tag-nhl","9":"tag-se","10":"tag-second-news","11":"tag-sport","12":"tag-sports","13":"tag-svenska","14":"tag-sverige","15":"tag-sweden","16":"tag-swedish"},"share_on_mastodon":{"url":"https:\/\/pubeurope.com\/@se\/115905107328595441","error":""},"_links":{"self":[{"href":"https:\/\/www.europesays.com\/se\/wp-json\/wp\/v2\/posts\/138173","targetHints":{"allow":["GET"]}}],"collection":[{"href":"https:\/\/www.europesays.com\/se\/wp-json\/wp\/v2\/posts"}],"about":[{"href":"https:\/\/www.europesays.com\/se\/wp-json\/wp\/v2\/types\/post"}],"author":[{"embeddable":true,"href":"https:\/\/www.europesays.com\/se\/wp-json\/wp\/v2\/users\/2"}],"replies":[{"embeddable":true,"href":"https:\/\/www.europesays.com\/se\/wp-json\/wp\/v2\/comments?post=138173"}],"version-history":[{"count":0,"href":"https:\/\/www.europesays.com\/se\/wp-json\/wp\/v2\/posts\/138173\/revisions"}],"wp:featuredmedia":[{"embeddable":true,"href":"https:\/\/www.europesays.com\/se\/wp-json\/wp\/v2\/media\/138174"}],"wp:attachment":[{"href":"https:\/\/www.europesays.com\/se\/wp-json\/wp\/v2\/media?parent=138173"}],"wp:term":[{"taxonomy":"category","embeddable":true,"href":"https:\/\/www.europesays.com\/se\/wp-json\/wp\/v2\/categories?post=138173"},{"taxonomy":"post_tag","embeddable":true,"href":"https:\/\/www.europesays.com\/se\/wp-json\/wp\/v2\/tags?post=138173"}],"curies":[{"name":"wp","href":"https:\/\/api.w.org\/{rel}","templated":true}]}}