{"id":138185,"date":"2026-01-16T13:59:15","date_gmt":"2026-01-16T13:59:15","guid":{"rendered":"https:\/\/www.europesays.com\/se\/138185\/"},"modified":"2026-01-16T13:59:15","modified_gmt":"2026-01-16T13:59:15","slug":"hugo-pettersson-petades-fick-revansch-mot-farjestad-shl","status":"publish","type":"post","link":"https:\/\/www.europesays.com\/se\/138185\/","title":{"rendered":"Hugo Pettersson petades \u2013 fick revansch mot F\u00e4rjestad | SHL"},"content":{"rendered":"<p>Publicerad 16 jan 2026 kl 08.02Uppdaterad kl 08.42<\/p>\n<p>Hugo Pettersson petades \u2013 f\u00f6r att sedan ta revansch.\u00a0<\/p>\n<p>D\u00e5 riktade han ett skrik mot HV71-b\u00e5set.\u00a0<\/p>\n<p>\u2013 Jag fick lite adrenalin, s\u00e4ger m\u00e5lskytten.\u00a0<\/p>\n<p><img   alt=\"\"\/><\/p>\n<p>Hugo Pettersson.<\/p>\n<p>Foto: CARL SANDIN \/ BILDBYR\u00c5N<\/p>\n<p>\u00d6ppna bild i helsk\u00e4rm<\/p>\n<p>Hugo Petterssons s\u00e4song har varit speciell. Efter att ha varit framtr\u00e4dande under f\u00f6rs\u00e4songen skickades han p\u00e5 ett tidigt l\u00e5n till AIK.\u00a0<\/p>\n<p>D\u00e4r blev det succ\u00e9 och <a href=\"https:\/\/www.expressen.se\/tagg\/organization\/hv71\/\" class=\"\" rel=\"nofollow noopener\" target=\"_blank\">HV71<\/a> kallade tillbaka honom.\u00a0<\/p>\n<p>Men n\u00e4r Anton Blomqvist presenterade sin laguppst\u00e4llning inf\u00f6r torsdagens match mot F\u00e4rjestad var han utanf\u00f6r de fyra kedjorna.\u00a0<\/p>\n<p>\u2013 Det \u00e4r ju tr\u00e5kigt s\u00e5 klart. Jag vill spela och vara drivande fram\u00e5t. Men jag forts\u00e4tter att ta chanserna n\u00e4r de kommer. Jag kommer forts\u00e4tta att jobba p\u00e5. Och visa att jag ska fram\u00e5t.<\/p>\n<p>Men i den andra perioden kom revanschen n\u00e4r han skickade in 2\u20131-pucken.<\/p>\n<p>\u2013 Det var sk\u00f6nt att komma in kall och h\u00e4nga dit den.\u00a0<\/p>\n<p>Petterssons l\u00e4ttnad och revanschlust gick inte att bortse ifr\u00e5n. P\u00e5 tv-bilderna visades hur forwarden skrek tv\u00e5 ord mot HV:s b\u00e5s.\u00a0<\/p>\n<p>\u201dJag fick lite adrenalin\u201d<\/p>\n<p>\u2013 Jag vet inte. Jag fick lite adrenalin och grejer. Jag vet inte. Jag var bara glad.\u00a0<\/p>\n<p><strong>Du kommer inte ih\u00e5g vad du skrek?\u00a0<\/strong><\/p>\n<p>\u2013 Nej, men jag var glad.\u00a0<\/p>\n<p>\u2013 Men det blir ju lite av en revanschk\u00e4nsla. Det \u00e4r alltid sk\u00f6nt att nypa dit den och hj\u00e4lpa laget.\u00a0<\/p>\n<p>P\u00e5 l\u00f6rdag st\u00e4lls HV71 mot V\u00e4xj\u00f6. D\u00e5 hoppas Pettersson var tillbaka p\u00e5 tolv forwardar.\u00a0<\/p>\n<p>\u2013 Det f\u00e5r vi se. Jag ska g\u00f6ra mitt jobb i alla fall och visa att jag f\u00f6rtj\u00e4nar en plats.\u00a0<\/p>\n<p><strong>Har du pratat med Anton om petningen?\u00a0<\/strong><\/p>\n<p>\u2013 Nej, det har jag inte. Det \u00e4r v\u00e4l inget. De st\u00e4ller upp med det laget som de tror ska vinna matchen och vi tog tre po\u00e4ng i dag. S\u00e5 det \u00e4r bara forts\u00e4tta och g\u00e5 vidare.\u00a0<\/p>\n<p><strong>Visar du att du f\u00f6rtj\u00e4nar en plats i dag?<\/strong><\/p>\n<p>\u2013 Det \u00e4r n\u00e5got man str\u00e4var efter varje dag som spelare. Att visa att man ska spela.<\/p>\n<p>HV71 vann matchen med 5\u20133 och n\u00e4rmar sig s\u00e4ker mark. Nu skiljer det fyra po\u00e4ng upp till Link\u00f6ping.\u00a0<\/p>\n","protected":false},"excerpt":{"rendered":"Publicerad 16 jan 2026 kl 08.02Uppdaterad kl 08.42 Hugo Pettersson petades \u2013 f\u00f6r att sedan ta revansch.\u00a0 D\u00e5&hellip;\n","protected":false},"author":2,"featured_media":138186,"comment_status":"","ping_status":"","sticky":false,"template":"","format":"standard","meta":{"footnotes":""},"categories":[68],"tags":[1354,34,255,823,111,110,31,33,32,30],"class_list":{"0":"post-138185","1":"post","2":"type-post","3":"status-publish","4":"format-standard","5":"has-post-thumbnail","7":"category-sport","8":"tag-organization-hv71","9":"tag-se","10":"tag-sections-ishockey","11":"tag-sections-shl","12":"tag-sport","13":"tag-sports","14":"tag-svenska","15":"tag-sverige","16":"tag-sweden","17":"tag-swedish"},"share_on_mastodon":{"url":"https:\/\/pubeurope.com\/@se\/115905138807479183","error":""},"_links":{"self":[{"href":"https:\/\/www.europesays.com\/se\/wp-json\/wp\/v2\/posts\/138185","targetHints":{"allow":["GET"]}}],"collection":[{"href":"https:\/\/www.europesays.com\/se\/wp-json\/wp\/v2\/posts"}],"about":[{"href":"https:\/\/www.europesays.com\/se\/wp-json\/wp\/v2\/types\/post"}],"author":[{"embeddable":true,"href":"https:\/\/www.europesays.com\/se\/wp-json\/wp\/v2\/users\/2"}],"replies":[{"embeddable":true,"href":"https:\/\/www.europesays.com\/se\/wp-json\/wp\/v2\/comments?post=138185"}],"version-history":[{"count":0,"href":"https:\/\/www.europesays.com\/se\/wp-json\/wp\/v2\/posts\/138185\/revisions"}],"wp:featuredmedia":[{"embeddable":true,"href":"https:\/\/www.europesays.com\/se\/wp-json\/wp\/v2\/media\/138186"}],"wp:attachment":[{"href":"https:\/\/www.europesays.com\/se\/wp-json\/wp\/v2\/media?parent=138185"}],"wp:term":[{"taxonomy":"category","embeddable":true,"href":"https:\/\/www.europesays.com\/se\/wp-json\/wp\/v2\/categories?post=138185"},{"taxonomy":"post_tag","embeddable":true,"href":"https:\/\/www.europesays.com\/se\/wp-json\/wp\/v2\/tags?post=138185"}],"curies":[{"name":"wp","href":"https:\/\/api.w.org\/{rel}","templated":true}]}}