{"id":138189,"date":"2026-01-16T14:01:34","date_gmt":"2026-01-16T14:01:34","guid":{"rendered":"https:\/\/www.europesays.com\/se\/138189\/"},"modified":"2026-01-16T14:01:34","modified_gmt":"2026-01-16T14:01:34","slug":"ar-resident-evil-en-av-tidernas-basta-spelserier-parantes-blogg","status":"publish","type":"post","link":"https:\/\/www.europesays.com\/se\/138189\/","title":{"rendered":"\u00c4r Resident Evil en av tidernas b\u00e4sta spelserier? &#8211; parantes blogg"},"content":{"rendered":"<p>Vi \u00e4r bara n\u00e5gra veckor bort fr\u00e5n det efterl\u00e4nttade Resident Evil Reqium. Ett spel vi placerade p\u00e5 andra plats i denna <a href=\"https:\/\/www.gamereactor.se\/hetast-2026-del-2-1717253\/\" target=\"_blank\" rel=\"nofollow noopener\">artikel <\/a>och som Capcom klockan 23 ikv\u00e4ll ska <a href=\"https:\/\/www.gamereactor.se\/capcom-laddar-for-nytt-resident-evil-showcase-pa-torsdag-1719523\/\" target=\"_blank\" rel=\"nofollow noopener\">visa <\/a>upp mer ifr\u00e5n.\u00a0<\/p>\n<p>Vi \u00e4r m\u00e5nga som \u00e4r pepp p\u00e5 spelet. H\u00e4r p\u00e5 redaktionen vaknar Majsan ur sin dvala med j\u00e4mna mellanrum och skriker &#8221;Leeeoooon&#8221;. Joel f\u00f6rkunnar att det \u00e4r d\u00e5liga spel men erk\u00e4nner fem minuter senare att det bara \u00e4r f\u00f6r att han \u00e4r r\u00e4dd. Vi utlovar givetvis en omfattande recension p\u00e5 det senaste spelet i serien n\u00e4r det \u00e4r dags. Men har \u00e4ven lite annat roligt att publicera i samband med det. Ni f\u00e5r v\u00e4nta och se helt enkelt.<\/p>\n<p><img decoding=\"async\" class=\"lazy\" alt=\"\" src=\"https:\/\/www.europesays.com\/se\/wp-content\/uploads\/2026\/01\/img__232604284_650x365.jpg\"\/><\/p>\n<p>Men, som rubriken lyder s\u00e5 funderar jag p\u00e5 om det \u00e4r en serie som kan r\u00e4knas som en av de allra b\u00e4sta? F\u00f6r egen del \u00e4r svaret definitivt ja. Resident Evil 2 och 4 (Speciellt remakes)\u00e4r n\u00e5gra av mina favoritspel &#8211; ever. Bara det g\u00f6r att serien kvalificerar sig in som detta. Om nu Reqium kan leva upp till f\u00f6rv\u00e4ntingarna och f\u00f6ljer det (enligt mig) otroligt lyckade Village, s\u00e5 forts\u00e4tter serien i h\u00f6gform. Jag uppskattade \u00e4ven del 7 (f\u00f6rutom de tr\u00e5kiga sista timmarna) medan del 5 och 6 i min bok \u00e4r r\u00e4tt kassa spel. Det \u00e4r med andra ord lite svajigt d\u00e4r i mitten men som helhet finns det definitivt fler fantastiska spel \u00e4n medelm\u00e5ttiga\/d\u00e5liga.<\/p>\n<p>Sedan har vi ju det d\u00e4r att spelserien bjudit p\u00e5 lite olika typ av inriktning. Det \u00e4r stundtals mer action \u00e4n skr\u00e4ck, och som Majsan sa ig\u00e5r; &#8221;Village \u00e4r inte Resident Evil eftersom det finns vampyrer&#8221;. Ett klokt argument, \u00e4ven om jag inte h\u00e5ller med eftersom jag tycker spelet bjuder p\u00e5 m\u00e5nga av de inslag som serien alltid gjort.<\/p>\n<p>N\u00e5v\u00e4l, om lite mer \u00e4n en m\u00e5nad \u00e4r det dags f\u00f6r n\u00e4sta spel. Jag \u00e4r otroligt f\u00f6rv\u00e4ntansfull.<\/p>\n","protected":false},"excerpt":{"rendered":"Vi \u00e4r bara n\u00e5gra veckor bort fr\u00e5n det efterl\u00e4nttade Resident Evil Reqium. Ett spel vi placerade p\u00e5 andra&hellip;\n","protected":false},"author":2,"featured_media":138190,"comment_status":"","ping_status":"","sticky":false,"template":"","format":"standard","meta":{"footnotes":""},"categories":[66],"tags":[80,78,79,34,31,33,32,30,81,84,83,82],"class_list":{"0":"post-138189","1":"post","2":"type-post","3":"status-publish","4":"format-standard","5":"has-post-thumbnail","7":"category-vetenskap-och-teknik","8":"tag-science","9":"tag-science-and-technology","10":"tag-scienceandtechnology","11":"tag-se","12":"tag-svenska","13":"tag-sverige","14":"tag-sweden","15":"tag-swedish","16":"tag-technology","17":"tag-teknik","18":"tag-vetenskap","19":"tag-vetenskapteknik"},"share_on_mastodon":{"url":"https:\/\/pubeurope.com\/@se\/115905146585749841","error":""},"_links":{"self":[{"href":"https:\/\/www.europesays.com\/se\/wp-json\/wp\/v2\/posts\/138189","targetHints":{"allow":["GET"]}}],"collection":[{"href":"https:\/\/www.europesays.com\/se\/wp-json\/wp\/v2\/posts"}],"about":[{"href":"https:\/\/www.europesays.com\/se\/wp-json\/wp\/v2\/types\/post"}],"author":[{"embeddable":true,"href":"https:\/\/www.europesays.com\/se\/wp-json\/wp\/v2\/users\/2"}],"replies":[{"embeddable":true,"href":"https:\/\/www.europesays.com\/se\/wp-json\/wp\/v2\/comments?post=138189"}],"version-history":[{"count":0,"href":"https:\/\/www.europesays.com\/se\/wp-json\/wp\/v2\/posts\/138189\/revisions"}],"wp:featuredmedia":[{"embeddable":true,"href":"https:\/\/www.europesays.com\/se\/wp-json\/wp\/v2\/media\/138190"}],"wp:attachment":[{"href":"https:\/\/www.europesays.com\/se\/wp-json\/wp\/v2\/media?parent=138189"}],"wp:term":[{"taxonomy":"category","embeddable":true,"href":"https:\/\/www.europesays.com\/se\/wp-json\/wp\/v2\/categories?post=138189"},{"taxonomy":"post_tag","embeddable":true,"href":"https:\/\/www.europesays.com\/se\/wp-json\/wp\/v2\/tags?post=138189"}],"curies":[{"name":"wp","href":"https:\/\/api.w.org\/{rel}","templated":true}]}}