{"id":138214,"date":"2026-01-16T14:24:08","date_gmt":"2026-01-16T14:24:08","guid":{"rendered":"https:\/\/www.europesays.com\/se\/138214\/"},"modified":"2026-01-16T14:24:08","modified_gmt":"2026-01-16T14:24:08","slug":"stannar-hemma-med-gravida-partnern-kritiseras","status":"publish","type":"post","link":"https:\/\/www.europesays.com\/se\/138214\/","title":{"rendered":"Stannar hemma med gravida partnern \u2013 kritiseras"},"content":{"rendered":"<p>F\u00f6rra veckan reste IFK G\u00f6teborgs spelartrupp p\u00e5 tr\u00e4ningsl\u00e4ger till spanska Murcia. En som d\u00e4remot stannade hemma var norrmannen Tobias Heintz.<\/p>\n<p>Den 27-\u00e5rige norrmannen g\u00e5r i v\u00e4ntans tider och har f\u00e5tt till\u00e5telse av klubben att stanna hemma \u2013 n\u00e5got som skapade viss diskussion i det senaste avsnittet av \u201dHunden, katten glassen\u201d, en podcast om IFK G\u00f6teborg som drivs av klubbens tidigare spelare Pontus Wernbloom, Mattias Bj\u00e4rsmyr och Tobias Hys\u00e9n.<\/p>\n<p>\u2013 Det \u00e4r s\u00e4kert n\u00e5gon som kommer att bli arg p\u00e5 mig och s\u00e4ga att det finns fackliga regler. Ska man p\u00e5 riktigt som fotbollsspelare &#8230; det \u00e4r ju inte han som ska f\u00f6da barn. Jag har d\u00e5 aldrig f\u00e5tt ledigt eller stannat hemma fr\u00e5n n\u00e5gonting f\u00f6r att min fru ska f\u00f6da barn, s\u00e4ger Pontus Wernbloom och forts\u00e4tter:<\/p>\n<p>\u2013 D\u00e4remot om det b\u00f6rjar bli dags s\u00e5 bokar de biljetter och ser till att man kommer med f\u00f6rsta flyget hem, s\u00e5 att man f\u00f6rbereder sig p\u00e5 b\u00e4sta s\u00e4tt f\u00f6r sitt arbete och f\u00f6r den nya s\u00e4songen. \u00c4r det konstigt t\u00e4nkt av mig?<\/p>\n<p>          <img decoding=\"async\" class=\"picture__img\" src=\"https:\/\/www.europesays.com\/se\/wp-content\/uploads\/2026\/01\/9c45c044-ecbd-4392-93e0-995e482454d3.jpeg\"   alt=\"Pontus Wernbloom, Tobias Hys\u00e9n och Mattias Bj\u00e4rsmyr driver podden \u201dHunden, katten, glassen\u201d.\"\/><\/p>\n<p>      Pontus Wernbloom, Tobias Hys\u00e9n och Mattias Bj\u00e4rsmyr driver podden \u201dHunden, katten, glassen\u201d.<\/p>\n<p>      Foto: Adam Ihse\/Exponera<\/p>\n<p><strong>Wernbloom, med<\/strong> 51 landskamper p\u00e5 meritlistan, fick medh\u00e5ll av Mattias Bj\u00e4rsmyr som visserligen tyckte att det var f\u00f6rmildrande att det \u00e4r s\u00e5 pass l\u00e5ngt kvar till Svenska cupen som b\u00f6rjar den 22 februari.<\/p>\n<p>Tobias Hys\u00e9n tyckte d\u00e4remot att IFK G\u00f6teborg gjorde r\u00e4tt.<\/p>\n<p>\u2013 Det finns v\u00e4l en problematik att hinna f\u00e5 den d\u00e4r flygbiljetten hem. Jag \u00e4r r\u00e4tt glad \u00f6ver att \u201dBl\u00e5vitt\u201d kan ha de h\u00e4r mjuka v\u00e4rdena, sade han varp\u00e5 Wernbloom replikerade:<\/p>\n<p>\u2013 Det \u00e4r det h\u00e4r som \u00e4r problemet, att de mjuka v\u00e4rdena \u00e4r alldeles f\u00f6r mjuka. Kom igen. Vi betalar din l\u00f6n. Givetvis kommer vi s\u00e4tta dig p\u00e5 f\u00f6rsta flyget hem, och visst: du kanske missar lite. Jag vet att jag \u00e4r f\u00f6r gubbig h\u00e4r men jag tycker att det ska f\u00e5 vara s\u00e5.<\/p>\n<blockquote class=\"ds-quote\">\n<p>    Det \u00e4r en sj\u00e4lvklarhet att du ska ges m\u00f6jlighet att vara n\u00e4rvarande vid ditt barns f\u00f6dsel\n  <\/p><\/blockquote>\n<p>Wernblooms utspel g\u00e5r inte direkt i samklang med den h\u00e5llning som fotbollsspelarnas intresseorganisation Spelarf\u00f6reningen st\u00e5r f\u00f6r.<\/p>\n<p><strong>Generalsekreterare Magnus<\/strong> Erlingmark p\u00e5talar att spelarna har samma r\u00e4ttigheter som \u00f6vriga i samh\u00e4llet vars partner v\u00e4ntar barn.<\/p>\n<p>\u2013 Det finns inga andra regler som g\u00e4ller, s\u00e4ger han.<\/p>\n<p>Fotbollsspelare har full r\u00e4tt att ta ut tio dagars ledighet i samband med barnaf\u00f6dsel utan att klubben har n\u00e5got att s\u00e4ga till om.<\/p>\n<p>Men i praktiken sker det i princip aldrig, p\u00e5talar Erlingmark.<\/p>\n<p>\u2013 Det f\u00f6rekommer inte. Jag har aldrig varit med om att det \u00e4r n\u00e5gon som har f\u00e5tt eller sj\u00e4lv tagit ut de h\u00e4r tio dagarna.<\/p>\n<p>          <img decoding=\"async\" class=\"picture__img\" src=\"https:\/\/www.europesays.com\/se\/wp-content\/uploads\/2026\/01\/36cd8ef5-3886-4348-bfc7-81e5d32bf0af.jpeg\"   alt=\"Fotbollsspelare har samma r\u00e4tt att ta ledigt i samband med barnaf\u00f6dsel som \u00f6vriga i samh\u00e4llet, s\u00e4ger spelarfackets generalsekreterare Magnus Erlingmark.\"\/><\/p>\n<p>      Fotbollsspelare har samma r\u00e4tt att ta ledigt i samband med barnaf\u00f6dsel som \u00f6vriga i samh\u00e4llet, s\u00e4ger spelarfackets generalsekreterare Magnus Erlingmark.<\/p>\n<p>      Foto: Bj\u00f6rn Larsson Rosvall\/TT<\/p>\n<p>Anledningen \u00e4r att en spelare som tar ledigt fr\u00e5n att tr\u00e4na med laget s\u00e5 pass l\u00e4nge med stor sannolikhet hamnar p\u00e5 efterk\u00e4lken och f\u00f6rs\u00e4mrar chansen att ta en plats i startelvan.<\/p>\n<p>\u2013 Men det har v\u00e4l tagits steg fram\u00e5t d\u00e4r. Klubbarna f\u00f6rst\u00e5r behovet av att hela familjerna ska m\u00e5 bra och att man ger spelaren m\u00f6jlighet till det h\u00e4r. Om det, som i Tobias fall, \u00e4r s\u00e5 att det \u00e4r n\u00e4ra f\u00f6rest\u00e5ende att hans respektive ska ha barn nu, och att det kanske har g\u00e5tt \u00f6ver till och med, s\u00e5 \u00e4r det i alla fall f\u00f6r mig fullt naturligt att han f\u00e5r vara hemma med sin respektive.<\/p>\n<p>\u2013 Alla vi inom spelarf\u00f6reningen tycker att det \u00e4r en sj\u00e4lvklarhet att du ska ges m\u00f6jlighet att vara hemma och vara n\u00e4rvarande vid ditt barns f\u00f6dsel, s\u00e4ger Magnus Erlingmark.<\/p>\n<p><strong>Enligt <a href=\"https:\/\/www.gp.se\/sport\/fotboll\/ifk-goteborg\/pontus-wernbloom-rasar-mot-heintz-ledighet-i-blavitt.592a33ee-7db6-42fb-b7a3-baa572fddc32\" rel=\"nofollow noopener\" target=\"_blank\">G\u00f6teborgs-Posten<\/a><\/strong> var det ber\u00e4knade f\u00f6rlossningsdatumet f\u00f6r Tobias Heintz partner samma dag som laget fl\u00f6g till Spanien.<\/p>\n<p>Spelaren sj\u00e4lv antyder i samma tidning att Pontus Wernblooms \u00e5sikt inte \u00e4r s\u00e5 tidsenlig.<\/p>\n<p>\u2013 Han \u00e4r lite gammalmodig och t\u00e4nker s\u00e4kert tillbaka p\u00e5 sina dagar. Jag ser inga problem alls med det h\u00e4r. Sedan f\u00f6rst\u00e5r jag att det kan finns folk som t\u00e4nker p\u00e5 det h\u00e4r och vill att jag ska vara med laget, s\u00e4ger Heintz och forts\u00e4tter:<\/p>\n<p>\u2013 Om det hade varit s\u00e4song hade jag f\u00f6rst\u00e5tt det mer f\u00f6r d\u00e5 kan man inte vara borta s\u00e5h\u00e4r l\u00e4nge. Men nu n\u00e4r det sker utanf\u00f6r s\u00e4songen f\u00e5r han lugna ner sig lite.<\/p>\n","protected":false},"excerpt":{"rendered":"F\u00f6rra veckan reste IFK G\u00f6teborgs spelartrupp p\u00e5 tr\u00e4ningsl\u00e4ger till spanska Murcia. En som d\u00e4remot stannade hemma var norrmannen&hellip;\n","protected":false},"author":2,"featured_media":138215,"comment_status":"","ping_status":"","sticky":false,"template":"","format":"standard","meta":{"footnotes":""},"categories":[68],"tags":[34,111,110,31,33,32,30],"class_list":{"0":"post-138214","1":"post","2":"type-post","3":"status-publish","4":"format-standard","5":"has-post-thumbnail","7":"category-sport","8":"tag-se","9":"tag-sport","10":"tag-sports","11":"tag-svenska","12":"tag-sverige","13":"tag-sweden","14":"tag-swedish"},"share_on_mastodon":{"url":"https:\/\/pubeurope.com\/@se\/115905237122893284","error":""},"_links":{"self":[{"href":"https:\/\/www.europesays.com\/se\/wp-json\/wp\/v2\/posts\/138214","targetHints":{"allow":["GET"]}}],"collection":[{"href":"https:\/\/www.europesays.com\/se\/wp-json\/wp\/v2\/posts"}],"about":[{"href":"https:\/\/www.europesays.com\/se\/wp-json\/wp\/v2\/types\/post"}],"author":[{"embeddable":true,"href":"https:\/\/www.europesays.com\/se\/wp-json\/wp\/v2\/users\/2"}],"replies":[{"embeddable":true,"href":"https:\/\/www.europesays.com\/se\/wp-json\/wp\/v2\/comments?post=138214"}],"version-history":[{"count":0,"href":"https:\/\/www.europesays.com\/se\/wp-json\/wp\/v2\/posts\/138214\/revisions"}],"wp:featuredmedia":[{"embeddable":true,"href":"https:\/\/www.europesays.com\/se\/wp-json\/wp\/v2\/media\/138215"}],"wp:attachment":[{"href":"https:\/\/www.europesays.com\/se\/wp-json\/wp\/v2\/media?parent=138214"}],"wp:term":[{"taxonomy":"category","embeddable":true,"href":"https:\/\/www.europesays.com\/se\/wp-json\/wp\/v2\/categories?post=138214"},{"taxonomy":"post_tag","embeddable":true,"href":"https:\/\/www.europesays.com\/se\/wp-json\/wp\/v2\/tags?post=138214"}],"curies":[{"name":"wp","href":"https:\/\/api.w.org\/{rel}","templated":true}]}}