{"id":138219,"date":"2026-01-16T14:32:08","date_gmt":"2026-01-16T14:32:08","guid":{"rendered":"https:\/\/www.europesays.com\/se\/138219\/"},"modified":"2026-01-16T14:32:08","modified_gmt":"2026-01-16T14:32:08","slug":"farjestad-kan-tvingas-klara-sig-utan-stjarntrion-hoppas-pa-positiva-besked-vf","status":"publish","type":"post","link":"https:\/\/www.europesays.com\/se\/138219\/","title":{"rendered":"F\u00e4rjestad kan tvingas klara sig utan stj\u00e4rntrion: \u201dHoppas p\u00e5 positiva besked\u201d &#8211; VF"},"content":{"rendered":"<ol>\n<li><a href=\"https:\/\/news.google.com\/rss\/articles\/CBMipgFBVV95cUxQelFSLW12T2VSbUNPY3BzVjdETzRGX01aX2RaSHQtSzNTUjBBa3haY19tTmpuMzFxZmh3MnRuRTVxcUpWbEdFRXh6a0tpUFA5YUVER2N4Y1N5dnl0bkVXVUhNaURBTVY2UHJIZTNOZjAyYTY4Y2tqemItc0Y5WHl1LWZRNjJTVUNTMXFLaUtoVUlQSm1LSmNmUnRmQnFncUVJWGpVc2pR?oc=5\" target=\"_blank\" rel=\"nofollow noopener\">F\u00e4rjestad kan tvingas klara sig utan stj\u00e4rntrion: \u201dHoppas p\u00e5 positiva besked\u201d<\/a>&nbsp;&nbsp;VF<\/li>\n<li><a href=\"https:\/\/news.google.com\/rss\/articles\/CBMitgFBVV95cUxNQWtrZUR1OHlOTWpHMEl6SENtajBTQXR0NEQxWmZiVHFGdnp0Z3dtZ1RmbXdXcHNqTjNNR1NUUnVwbDFhMWJDSkdMWXV5b1I2RVlEZEhDTlR3RzUyZ2lJQnVmWU1nbnBuajVXQXVHMUJVZjBROHd2VlF6UGR0U2drVjRsVlFuLV9wU3lhVTY2TFFDNUlrZE5NMXpVR1RLTzlYckdFVmEtUFhGVWVoQjh2SDFBTjVHUQ?oc=5\" target=\"_blank\" rel=\"nofollow noopener\">Vackert \u2013 mitt i allt det tragiska<\/a>&nbsp;&nbsp;Aftonbladet<\/li>\n<li><a href=\"https:\/\/news.google.com\/rss\/articles\/CBMiiAFBVV95cUxOZlJqS3B0NWd5X29ZSng1ZjByaXpZdEQ4d1VIbTlYZVlCb28tRHhKZ0xjQjBQUjhib0dFdXlzWE0wS0hYQ1RhWnFyb0tKcVkwT093bHRhekFCVUtndUFDQ0pKeHIyRHpIUUFEV2NYdkVvUDhldEd1RnlBaVdLUlFuXzR6ZDE4NWJi?oc=5\" target=\"_blank\" rel=\"nofollow noopener\">Nygren om utsatta l\u00e4get: \u201dBrotherhood, vi \u00e4r inte i ett l\u00e4ge att kasta skit\u201d<\/a>&nbsp;&nbsp;NWT<\/li>\n<li><a href=\"https:\/\/news.google.com\/rss\/articles\/CBMirgFBVV95cUxQQmcxZzlZb3IxR0I4NHBxZ2xwWTZHRFZBMmxuX0xlZ1FMa28xNm1CMlVmdFZCWlRFNkR5WVZzNGJNY2lCOHg3eWxOb1BzT0puUC1wUHFINEFBSks0dFFpOG5WSmZQUXBpYmZvUUh3WHdJblhPRFhaU1FDTW83N09ZNWxOdzZDU3ZDaXBoMFBkdlRhanFySHVYb0RMT1c1dEpGZEFvOWdveThNcFhvNFE?oc=5\" target=\"_blank\" rel=\"nofollow noopener\">Ishockey: F\u00e4rjestad under Cam Abbott sl\u00e4ppte in fem m\u00e5l i en period: \u201dDet \u00e4r skitd\u00e5ligt\u201d<\/a>&nbsp;&nbsp;SVT Nyheter<\/li>\n<li><a href=\"https:\/\/news.google.com\/rss\/articles\/CBMiugFBVV95cUxPU3I0U0Yyd1dsSUJhRlZRQjU2T1BhUm11NUtGV1otRlhpXzFIR0lRQnVKdVYtTEJNS1hCNXBwZzMyUGhublFRT0VBRHpBcjBSTWh0S1JvMHh0cnpWLVBGd1NDdTc4RTI4dHJyYW9WeHExZ2xidDUxSGdBcllZS3RKc0VKX1NCeGdMVzMyWVBaU0lWRE1MY1hOdTJ3MVl1YmN0TTc2RHdyRzNOVG9FTm4weVNNQlJ4dkdYb3c?oc=5\" target=\"_blank\" rel=\"nofollow noopener\">Abbotts budskap efter f\u00f6rlusten i debuten: \u201dAntingen vinner man \u2013 eller s\u00e5 l\u00e4r man sig\u201d<\/a>&nbsp;&nbsp;VF<\/li>\n<\/ol>\n","protected":false},"excerpt":{"rendered":"F\u00e4rjestad kan tvingas klara sig utan stj\u00e4rntrion: \u201dHoppas p\u00e5 positiva besked\u201d&nbsp;&nbsp;VF Vackert \u2013 mitt i allt det tragiska&nbsp;&nbsp;Aftonbladet&hellip;\n","protected":false},"author":2,"featured_media":138220,"comment_status":"","ping_status":"","sticky":false,"template":"","format":"standard","meta":{"footnotes":""},"categories":[68],"tags":[34,111,110,31,33,32,30],"class_list":{"0":"post-138219","1":"post","2":"type-post","3":"status-publish","4":"format-standard","5":"has-post-thumbnail","7":"category-sport","8":"tag-se","9":"tag-sport","10":"tag-sports","11":"tag-svenska","12":"tag-sverige","13":"tag-sweden","14":"tag-swedish"},"share_on_mastodon":{"url":"https:\/\/pubeurope.com\/@se\/115905268450349266","error":""},"_links":{"self":[{"href":"https:\/\/www.europesays.com\/se\/wp-json\/wp\/v2\/posts\/138219","targetHints":{"allow":["GET"]}}],"collection":[{"href":"https:\/\/www.europesays.com\/se\/wp-json\/wp\/v2\/posts"}],"about":[{"href":"https:\/\/www.europesays.com\/se\/wp-json\/wp\/v2\/types\/post"}],"author":[{"embeddable":true,"href":"https:\/\/www.europesays.com\/se\/wp-json\/wp\/v2\/users\/2"}],"replies":[{"embeddable":true,"href":"https:\/\/www.europesays.com\/se\/wp-json\/wp\/v2\/comments?post=138219"}],"version-history":[{"count":0,"href":"https:\/\/www.europesays.com\/se\/wp-json\/wp\/v2\/posts\/138219\/revisions"}],"wp:featuredmedia":[{"embeddable":true,"href":"https:\/\/www.europesays.com\/se\/wp-json\/wp\/v2\/media\/138220"}],"wp:attachment":[{"href":"https:\/\/www.europesays.com\/se\/wp-json\/wp\/v2\/media?parent=138219"}],"wp:term":[{"taxonomy":"category","embeddable":true,"href":"https:\/\/www.europesays.com\/se\/wp-json\/wp\/v2\/categories?post=138219"},{"taxonomy":"post_tag","embeddable":true,"href":"https:\/\/www.europesays.com\/se\/wp-json\/wp\/v2\/tags?post=138219"}],"curies":[{"name":"wp","href":"https:\/\/api.w.org\/{rel}","templated":true}]}}