{"id":138223,"date":"2026-01-16T14:40:09","date_gmt":"2026-01-16T14:40:09","guid":{"rendered":"https:\/\/www.europesays.com\/se\/138223\/"},"modified":"2026-01-16T14:40:09","modified_gmt":"2026-01-16T14:40:09","slug":"dn-direkt-hammarby-saljer-wangerheim-for-rekordsumma","status":"publish","type":"post","link":"https:\/\/www.europesays.com\/se\/138223\/","title":{"rendered":"DN Direkt \u2013 Hammarby s\u00e4ljer Wangerheim f\u00f6r rekordsumma"},"content":{"rendered":"<p>En 31-\u00e5rig svensk medborgare har gripits p\u00e5 Arlanda efter att ha deporterats fr\u00e5n Dubai. Han \u00e4r misst\u00e4nkt f\u00f6r narkotikasmuggling och grovt narkotikabrott.<\/p>\n<p>\u201dDen gripne har varit drivande i n\u00e4tverk som \u00e4r baserade i V\u00e4stsverige, n\u00e4tverk med stort v\u00e5ldskapital\u201d, s\u00e4ger Anders Wiberg, chef f\u00f6r internationella enheten, i pressmeddelandet.<\/p>\n<p>Mannen har varit h\u00e4ktad i sin utevaro och internationellt efterlyst sedan i februari 2025.<\/p>\n<p>\u2013 Med hj\u00e4lp av kontakter i Dubai har vi nu lyckats f\u00e5 honom till Sverige, s\u00e4ger stats\u00e5klagare Elisabeth Andersson.<\/p>\n<p>Flera medg\u00e4rningsm\u00e4n har d\u00f6mts f\u00f6r brotten i samma \u00e4rende, forts\u00e4tter hon. Det \u00e4r medmisst\u00e4nktas uppgifter och uppgifter fr\u00e5n telefoner som g\u00f6r att man kan knyta brotten \u00e4ven till den h\u00e4r mannen.<\/p>\n<p>\u2013 Det h\u00e4r \u00e4r en p\u00e5g\u00e5ende f\u00f6runders\u00f6kning, men det var det som l\u00e5g till grund f\u00f6r f\u00e4llande domar g\u00e4llande medg\u00e4rningsm\u00e4nnen och det som ligger till grund f\u00f6r misstanken mot den h\u00e4r personen, s\u00e4ger Elisabeth Andersson.<\/p>\n<p>I F\u00f6renade Arabemiraten har den misst\u00e4nkte mannen avtj\u00e4nat ett sex m\u00e5nader l\u00e5ngt f\u00e4ngelsestraff f\u00f6r brott som beg\u00e5tts d\u00e4r.<\/p>\n<p>\u2013 Vi har haft obekr\u00e4ftad information om att han har suttit i ett f\u00e4ngelse d\u00e4r, men vi har inte har bekr\u00e4ftad information, utan det har f\u00f6rst kommit nu p\u00e5 senare tid, s\u00e4ger Elisabeth Andersson.<\/p>\n","protected":false},"excerpt":{"rendered":"En 31-\u00e5rig svensk medborgare har gripits p\u00e5 Arlanda efter att ha deporterats fr\u00e5n Dubai. Han \u00e4r misst\u00e4nkt f\u00f6r&hellip;\n","protected":false},"author":2,"featured_media":138224,"comment_status":"","ping_status":"","sticky":false,"template":"","format":"standard","meta":{"footnotes":""},"categories":[68],"tags":[34,111,110,31,33,32,30],"class_list":{"0":"post-138223","1":"post","2":"type-post","3":"status-publish","4":"format-standard","5":"has-post-thumbnail","7":"category-sport","8":"tag-se","9":"tag-sport","10":"tag-sports","11":"tag-svenska","12":"tag-sverige","13":"tag-sweden","14":"tag-swedish"},"share_on_mastodon":{"url":"https:\/\/pubeurope.com\/@se\/115905299894068969","error":""},"_links":{"self":[{"href":"https:\/\/www.europesays.com\/se\/wp-json\/wp\/v2\/posts\/138223","targetHints":{"allow":["GET"]}}],"collection":[{"href":"https:\/\/www.europesays.com\/se\/wp-json\/wp\/v2\/posts"}],"about":[{"href":"https:\/\/www.europesays.com\/se\/wp-json\/wp\/v2\/types\/post"}],"author":[{"embeddable":true,"href":"https:\/\/www.europesays.com\/se\/wp-json\/wp\/v2\/users\/2"}],"replies":[{"embeddable":true,"href":"https:\/\/www.europesays.com\/se\/wp-json\/wp\/v2\/comments?post=138223"}],"version-history":[{"count":0,"href":"https:\/\/www.europesays.com\/se\/wp-json\/wp\/v2\/posts\/138223\/revisions"}],"wp:featuredmedia":[{"embeddable":true,"href":"https:\/\/www.europesays.com\/se\/wp-json\/wp\/v2\/media\/138224"}],"wp:attachment":[{"href":"https:\/\/www.europesays.com\/se\/wp-json\/wp\/v2\/media?parent=138223"}],"wp:term":[{"taxonomy":"category","embeddable":true,"href":"https:\/\/www.europesays.com\/se\/wp-json\/wp\/v2\/categories?post=138223"},{"taxonomy":"post_tag","embeddable":true,"href":"https:\/\/www.europesays.com\/se\/wp-json\/wp\/v2\/tags?post=138223"}],"curies":[{"name":"wp","href":"https:\/\/api.w.org\/{rel}","templated":true}]}}