{"id":138254,"date":"2026-01-16T15:21:08","date_gmt":"2026-01-16T15:21:08","guid":{"rendered":"https:\/\/www.europesays.com\/se\/138254\/"},"modified":"2026-01-16T15:21:08","modified_gmt":"2026-01-16T15:21:08","slug":"aik-vill-lana-in-samed-bazdar","status":"publish","type":"post","link":"https:\/\/www.europesays.com\/se\/138254\/","title":{"rendered":"AIK vill l\u00e5na in Samed Bazdar"},"content":{"rendered":"<p>Publicerad 16 jan 2026 kl 15.32Uppdaterad kl 15.41<\/p>\n<p>Samed Bazdar har f\u00e5tt ett konkret anbud fr\u00e5n allsvenskan.<\/p>\n<p>Enligt uppgifter till Expressen vill AIK betala tv\u00e5 miljoner kronor f\u00f6r att l\u00e5na landslagsmannen och \u00e4ven inkludera en k\u00f6poption i kontraktet.<\/p>\n<p>Parterna \u00e4r \u00e4nnu inte \u00f6verens \u2013 men samtal p\u00e5g\u00e5r.<\/p>\n<p><img   alt=\"\"\/><\/p>\n<p>Samed Bazdar.<\/p>\n<p>Foto: IMAGO\/Jonathan Moscrop \/ TT NYHETSBYR\u00c5N<\/p>\n<p>\u00d6ppna bild i helsk\u00e4rm<\/p>\n<p>Samed Bazdar har ryktats vara p\u00e5 v\u00e4g bort fr\u00e5n Real Zaragoza.<\/p>\n<p>Uppgifter i Tyskland har gjort g\u00e4llande att VFL Bochum och Schalke 04 vill v\u00e4rva den bosniske landslagsmannen, men 21-\u00e5ringen har \u00e4ven kopplats till Malm\u00f6 FF.<\/p>\n<p>Det har ocks\u00e5 varit tal om en del klubbar i Polen \u2013 som exempelvis Legia Warsawa och Rak\u00f3w Cz\u0119stochowa, men \u00e4n s\u00e5 l\u00e4nge har forwarden inte gjort klart med ny klubb.<\/p>\n<p>AIK budar p\u00e5 Bazdar<\/p>\n<p>Expressen kan avsl\u00f6ja att Real Zaragoza har mottagit ett konkret bud fr\u00e5n AIK p\u00e5 Samed Bazdar och att Stockholmsklubben vill knyta till sig spelaren inf\u00f6r allsvenskan.<\/p>\n<p>Flera k\u00e4llor som Expressen har varit i kontakt med uppger att AIK vill l\u00e5na in Bazdar med en k\u00f6poption inkluderad \u2013 d\u00e4r AIK i ett f\u00f6rstaskede erbjudit omkring tv\u00e5 miljoner f\u00f6r ett l\u00e5n.<\/p>\n<p>Sj\u00e4lva optionen som AIK erbjudit ska ligga p\u00e5 drygt \u20ac1,2 miljoner euro \u2013 motsvarande 13 miljoner kronor. Real Zaragoza ska dock kr\u00e4va en n\u00e5got h\u00f6gre summa p\u00e5 optionen.<\/p>\n<p><img loading=\"lazy\"   alt=\"\"\/><\/p>\n<p>Samed Bazdar blev m\u00e5lskytt mot San Marino i september.<\/p>\n<p>Foto: ALBERTO LINGRIA<\/p>\n<p>\u00d6ppna bild i helsk\u00e4rm<\/p>\n<p>AIK \u00e4r i dagsl\u00e4get varken \u00f6verens med Real Zaragoza eller spelaren om de personliga villkoren, men samtal mellan parterna p\u00e5g\u00e5r och det \u00e5terst\u00e5r att se om det blir av.<\/p>\n<p>Samed Bazdar saknar inte intressenter. Flera av klubbarna som h\u00f6rt av sig under vintern har unders\u00f6kt f\u00f6ruts\u00e4ttningarna f\u00f6r en aff\u00e4r, d\u00e4r b\u00e5de ett rent l\u00e5n och ett l\u00e5n med k\u00f6poption har varit aktuella alternativ.<\/p>\n<p>Nu har allts\u00e5 AIK gjort en konkret framst\u00f6t p\u00e5 anfallaren, som inte har st\u00e4ngt d\u00f6rren till en flytt till Sverige i vinter.<\/p>\n<p>Samed Bazdar har en bakgrund i Partizan Belgrad men v\u00e4rvades till Real Zaragoza 2024. I den spanska klubben har han gjort fem m\u00e5l och fem assist p\u00e5 40 matcher.<\/p>\n<p>Han har ocks\u00e5 gjort ett m\u00e5l p\u00e5 elva landskamper f\u00f6r Bosnien och Hercegovina. AIK har varit ute efter en anfallare i vinter och i veckan <a href=\"https:\/\/www.expressen.se\/sport\/fotboll\/allsvenskan\/avslojar-david-stuckler-jagas-av-tre-allsvenska-klubbar\/\" rel=\"nofollow noopener\" target=\"_blank\">avsl\u00f6jade Expressen att \u201dGnaget\u201d f\u00f6rt dialog g\u00e4llande dansken David St\u00fcckler<\/a> fr\u00e5n Cremonese, men d\u00e4r finns en risk att prislappen sticker i v\u00e4g f\u00f6r de allsvenska klubbarna. Tidigare i h\u00f6stas budade AIK p\u00e5 Giorgi Guliashvili fr\u00e5n FK Sarajevo, som blev f\u00f6r dyr, och i st\u00e4llet v\u00e4rvades till Racing Santander i Segunda.<\/p>\n<p>AIK har i vinter genomg\u00e5tt stora f\u00f6r\u00e4ndringar i ledningen. Miika Takkula \u00e4r ny rekryteringschef och Mikkjal Thomassen sparkades i januari fr\u00e5n huvudtr\u00e4naruppdraget.<\/p>\n<p><a href=\"https:\/\/www.expressen.se\/sport\/fotboll\/allsvenskan\/allsvenska-kulisserna-spanska-tranaren-som-aik-diskuterat-internt\/\" rel=\"nofollow noopener\" target=\"_blank\">Den 20 december avsl\u00f6jade Expressen<\/a> att Jos\u00e9 Riveiro var en av kandidaterna till att ta \u00f6ver AIK och att hans namn diskuterats internt.<\/p>\n","protected":false},"excerpt":{"rendered":"Publicerad 16 jan 2026 kl 15.32Uppdaterad kl 15.41 Samed Bazdar har f\u00e5tt ett konkret anbud fr\u00e5n allsvenskan. Enligt&hellip;\n","protected":false},"author":2,"featured_media":138255,"comment_status":"","ping_status":"","sticky":false,"template":"","format":"standard","meta":{"footnotes":""},"categories":[68],"tags":[131,34,130,129,111,110,31,33,32,30],"class_list":{"0":"post-138254","1":"post","2":"type-post","3":"status-publish","4":"format-standard","5":"has-post-thumbnail","7":"category-sport","8":"tag-organization-aik-fotboll","9":"tag-se","10":"tag-sections-allsvenskan","11":"tag-sections-fotboll","12":"tag-sport","13":"tag-sports","14":"tag-svenska","15":"tag-sverige","16":"tag-sweden","17":"tag-swedish"},"share_on_mastodon":{"url":"https:\/\/pubeurope.com\/@se\/115905461285247088","error":""},"_links":{"self":[{"href":"https:\/\/www.europesays.com\/se\/wp-json\/wp\/v2\/posts\/138254","targetHints":{"allow":["GET"]}}],"collection":[{"href":"https:\/\/www.europesays.com\/se\/wp-json\/wp\/v2\/posts"}],"about":[{"href":"https:\/\/www.europesays.com\/se\/wp-json\/wp\/v2\/types\/post"}],"author":[{"embeddable":true,"href":"https:\/\/www.europesays.com\/se\/wp-json\/wp\/v2\/users\/2"}],"replies":[{"embeddable":true,"href":"https:\/\/www.europesays.com\/se\/wp-json\/wp\/v2\/comments?post=138254"}],"version-history":[{"count":0,"href":"https:\/\/www.europesays.com\/se\/wp-json\/wp\/v2\/posts\/138254\/revisions"}],"wp:featuredmedia":[{"embeddable":true,"href":"https:\/\/www.europesays.com\/se\/wp-json\/wp\/v2\/media\/138255"}],"wp:attachment":[{"href":"https:\/\/www.europesays.com\/se\/wp-json\/wp\/v2\/media?parent=138254"}],"wp:term":[{"taxonomy":"category","embeddable":true,"href":"https:\/\/www.europesays.com\/se\/wp-json\/wp\/v2\/categories?post=138254"},{"taxonomy":"post_tag","embeddable":true,"href":"https:\/\/www.europesays.com\/se\/wp-json\/wp\/v2\/tags?post=138254"}],"curies":[{"name":"wp","href":"https:\/\/api.w.org\/{rel}","templated":true}]}}