{"id":138278,"date":"2026-01-16T15:54:07","date_gmt":"2026-01-16T15:54:07","guid":{"rendered":"https:\/\/www.europesays.com\/se\/138278\/"},"modified":"2026-01-16T15:54:07","modified_gmt":"2026-01-16T15:54:07","slug":"viktor-claesson-atervander-till-ifk-varnamo","status":"publish","type":"post","link":"https:\/\/www.europesays.com\/se\/138278\/","title":{"rendered":"Viktor Claesson \u00e5terv\u00e4nder till IFK V\u00e4rnamo"},"content":{"rendered":"<p>\u2013 Det hade varit en dr\u00f6m att spela i Allsvenskan med min moderklubb,\u201d s\u00e4ger Claesson till IFK V\u00e4rnamos hemsida.<\/p>\n<p>Efter tiden i V\u00e4rnamo gick Claesson till IF Elfsborg, d\u00e4r han blev svensk m\u00e4stare och gjorde 38 m\u00e5l under fem s\u00e4songer. D\u00e4refter fortsatte karri\u00e4ren i Ryssland med Krasnodar, d\u00e4r han ocks\u00e5 etablerade sig i det svenska landslaget.<\/p>\n<p>Claesson har sedan spelat f\u00f6r FC K\u00f6penhamn, d\u00e4r han vunnit tv\u00e5 danska m\u00e4sterskap och f\u00e5tt spela i Champions League. <\/p>\n<p>Avtalet med Claesson str\u00e4cker sig \u00f6ver tre och ett halvt \u00e5r. <\/p>\n<p>\u2013 Det k\u00e4nns v\u00e4ldigt bra att han v\u00e4ljer att v\u00e4nda hem, s\u00e4ger J\u00f6rgen Petersson, sportchef.<\/p>\n","protected":false},"excerpt":{"rendered":"\u2013 Det hade varit en dr\u00f6m att spela i Allsvenskan med min moderklubb,\u201d s\u00e4ger Claesson till IFK V\u00e4rnamos&hellip;\n","protected":false},"author":2,"featured_media":138279,"comment_status":"","ping_status":"","sticky":false,"template":"","format":"standard","meta":{"footnotes":""},"categories":[68],"tags":[34,111,110,31,33,32,30],"class_list":{"0":"post-138278","1":"post","2":"type-post","3":"status-publish","4":"format-standard","5":"has-post-thumbnail","7":"category-sport","8":"tag-se","9":"tag-sport","10":"tag-sports","11":"tag-svenska","12":"tag-sverige","13":"tag-sweden","14":"tag-swedish"},"share_on_mastodon":{"url":"https:\/\/pubeurope.com\/@se\/115905590920338792","error":""},"_links":{"self":[{"href":"https:\/\/www.europesays.com\/se\/wp-json\/wp\/v2\/posts\/138278","targetHints":{"allow":["GET"]}}],"collection":[{"href":"https:\/\/www.europesays.com\/se\/wp-json\/wp\/v2\/posts"}],"about":[{"href":"https:\/\/www.europesays.com\/se\/wp-json\/wp\/v2\/types\/post"}],"author":[{"embeddable":true,"href":"https:\/\/www.europesays.com\/se\/wp-json\/wp\/v2\/users\/2"}],"replies":[{"embeddable":true,"href":"https:\/\/www.europesays.com\/se\/wp-json\/wp\/v2\/comments?post=138278"}],"version-history":[{"count":0,"href":"https:\/\/www.europesays.com\/se\/wp-json\/wp\/v2\/posts\/138278\/revisions"}],"wp:featuredmedia":[{"embeddable":true,"href":"https:\/\/www.europesays.com\/se\/wp-json\/wp\/v2\/media\/138279"}],"wp:attachment":[{"href":"https:\/\/www.europesays.com\/se\/wp-json\/wp\/v2\/media?parent=138278"}],"wp:term":[{"taxonomy":"category","embeddable":true,"href":"https:\/\/www.europesays.com\/se\/wp-json\/wp\/v2\/categories?post=138278"},{"taxonomy":"post_tag","embeddable":true,"href":"https:\/\/www.europesays.com\/se\/wp-json\/wp\/v2\/tags?post=138278"}],"curies":[{"name":"wp","href":"https:\/\/api.w.org\/{rel}","templated":true}]}}