{"id":138305,"date":"2026-01-16T16:27:10","date_gmt":"2026-01-16T16:27:10","guid":{"rendered":"https:\/\/www.europesays.com\/se\/138305\/"},"modified":"2026-01-16T16:27:10","modified_gmt":"2026-01-16T16:27:10","slug":"allsvenskan-oavgjort-i-djurgardens-forsta-traningsmatch","status":"publish","type":"post","link":"https:\/\/www.europesays.com\/se\/138305\/","title":{"rendered":"Allsvenskan \u2022 Oavgjort i Djurg\u00e5rdens f\u00f6rsta tr\u00e4ningsmatch"},"content":{"rendered":"<p>Publicerad 16 jan 2026 kl 14.48Uppdaterad kl 16.09<\/p>\n<p>Djurg\u00e5rdens f\u00f6rsta tr\u00e4ningsmatch under 2026 slutade oavgjort.<\/p>\n<p>En styrning av Christoffer Sliwo gav de bl\u00e5randiga ledningen, men Brommapojkarna kvitterade i den andra halvleken.<\/p>\n<p>\u2013\u00a0F\u00f6r att vara f\u00f6rsta matchen k\u00e4ndes det v\u00e4ldigt bra, s\u00e4ger Daniel Stensson.<\/p>\n<p><img   alt=\"\"\/> <\/p>\n<p>Foto: EMMA WALLSKOG \/ BILDBYR\u00c5N<\/p>\n<p>\u00d6ppna bild i helsk\u00e4rm<img loading=\"lazy\"   alt=\"\"\/> <\/p>\n<p>Foto: JONATHAN ARONSSON F\u00c4LT<\/p>\n<p>\u00d6ppna bild i helsk\u00e4rm<img loading=\"lazy\"   alt=\"\"\/> <\/p>\n<p>Foto: EMMA WALLSKOG \/ BILDBYR\u00c5N<\/p>\n<p>\u00d6ppna bild i helsk\u00e4rm<\/p>\n<p>Efter ett g\u00e4ng tr\u00e4ningar och en hel del fys var det under fredagseftermiddagen dags f\u00f6r Djurg\u00e5rdens f\u00f6rsta match under 2026.\u00a0<\/p>\n<p>F\u00f6r motst\u00e5ndet stod Brommapojkarna, som likt de bl\u00e5randiga bygger om delar av sin trupp under vintern.<\/p>\n<p>Djurg\u00e5rden kom till spel med tv\u00e5 olika elvor i f\u00f6rsta och andra halvlek, och fr\u00e5n start fanns bland annat nyf\u00f6rv\u00e4rvet Leon Hien i mittbacksl\u00e5set, men ocks\u00e5 flyttryktade Matias Siltanen. August Priske satt vid sidan av.<\/p>\n<p>Den f\u00f6rsta halvleken bestod till stor del av att Djurg\u00e5rden f\u00f6rs\u00f6kte bygga spel nedifr\u00e5n. De b\u00e4sta m\u00e5lchanserna var till en b\u00f6rjan en h\u00f6rna f\u00f6r Djurg\u00e5rden, medan Brommapojkarna stack upp med ett nickf\u00f6rs\u00f6k fr\u00e5n Elton Hedstr\u00f6m.<\/p>\n<p>Det var sedan Djurg\u00e5rden som spr\u00e4ckte m\u00e5lnollan efter dryga halvtimmen, med ett avslut fr\u00e5n Hampus Finndell som via styrning p\u00e5 Christopher Sliwo hittade in i n\u00e4t.<\/p>\n<p>\u2013\u00a0Det var lite 50\/50 d\u00e4r, s\u00e4ger m\u00e5lskytten med ett leende efter\u00e5t.<\/p>\n<p><strong>Inte snyggaste m\u00e5let i karri\u00e4ren?<\/strong><\/p>\n<p>\u2013\u00a0Nej, inte snyggaste. Men ibland blir det s\u00e5dana.\u00a0<\/p>\n<p><strong>Men f\u00f6rsta m\u00e5let i A-lagstr\u00f6jan \u00e4nd\u00e5!<\/strong><\/p>\n<p>\u2013\u00a0Exakt. Det var extra kul faktiskt.\u00a0<\/p>\n<p><img loading=\"lazy\"   alt=\"\"\/><\/p>\n<p>Christopher Sliwo under Djurg\u00e5rdens f\u00f6rs\u00e4songstr\u00e4ning.<\/p>\n<p>Foto: EMMA WALLSKOG \/ BILDBYR\u00c5N<\/p>\n<p>\u00d6ppna bild i helsk\u00e4rm<\/p>\n<p><strong>Hur k\u00e4nns det i \u00f6vrigt \u2013\u00a0b\u00f6rjar du komma in i seniorkostymen?<\/strong><\/p>\n<p>\u2013 Ja, man kommer in i det mer och mer f\u00f6r varje dag. Vi tr\u00e4nar extremt h\u00e5rt h\u00e4r. S\u00e5 f\u00f6r varje dag som g\u00e5r blir det bara b\u00e4ttre och b\u00e4ttre.<\/p>\n<p>Elton Hedstr\u00f6m kvitterade<\/p>\n<p>Den andra halvleken sparkades allts\u00e5 i g\u00e5ng med ett helt g\u00e4ng nya spelare p\u00e5 planen, men det var en spelare som spelade \u00e4ven den f\u00f6rsta halvleken som skulle kvittera: Tidigare n\u00e4mnda BP-anfallaren Hedstr\u00f6m, med ett beh\u00e4rskat avslut, efter bara n\u00e5gra minuter.<\/p>\n<p>Djurg\u00e5rden hade sedan bud p\u00e5 ett ledningsm\u00e5l vid n\u00e5got tillf\u00e4lle, men \u00e5rspremi\u00e4ren 2026 skulle sluta oavgjort.<\/p>\n<p>Daniel Stensson sammanfattar sina 45 minuter s\u00e5 h\u00e4r:<\/p>\n<p>\u2013\u00a0Jobbiga, men ganska bra. Vi har utvecklat v\u00e5rt spel bakifr\u00e5n ganska mycket, och \u00e4r bekv\u00e4ma med att styra spelet. F\u00f6r att vara f\u00f6rsta matchen k\u00e4ndes det v\u00e4ldigt bra. N\u00e5gra bolltapp h\u00e4r och d\u00e4r, och lite d\u00e5lig \u201ddeff i off\u201d ibland. Men det \u00e4r tur att det \u00e4r januari.<\/p>\n<p><strong>K\u00e4nns det som att ni \u00e4r d\u00e4r ni ska vara just nu?<\/strong><\/p>\n<p>\u2013\u00a0Ja, verkligen. Jag \u00e4r glad att vi kommit den h\u00e4r biten p\u00e5 s\u00e5 kort tid, framf\u00f6r allt n\u00e4r vi har elva dagar p\u00e5 Gran Canaria p\u00e5 oss att slipa p\u00e5 v\u00e4ldigt mycket saker, framf\u00f6r allt det taktiska och f\u00e5 ihop gruppen. Nu \u00e4r det inte s\u00e5 m\u00e5nga som tillkommit, men det l\u00e4r v\u00e4l komma n\u00e5gra nyf\u00f6rv\u00e4rv.<\/p>\n<p><strong>L\u00c4S MER: <\/strong><a href=\"https:\/\/www.expressen.se\/sport\/fotboll\/allsvenskan\/djurgardens-forsta-traningsvecka-2026-fystester-och-vastexperiment\/\" class=\"premium-link\" rel=\"nofollow noopener\" target=\"_blank\">Premium Djurg\u00e5rdens f\u00f6rsta tr\u00e4ningsvecka 2026: Fystester och v\u00e4stexperiment<\/a><strong>L\u00c4S MER: <\/strong><a href=\"https:\/\/www.expressen.se\/sport\/fotboll\/allsvenskan\/hampus-frisen-svensk-fotboll-kommer-bli-mer-och-mer-attraktiv\/\" class=\"premium-link\" rel=\"nofollow noopener\" target=\"_blank\">Premium Hampus Fris\u00e9n: \u201dSvensk fotboll kommer bli mer och mer attraktiv\u201d<\/a><\/p>\n","protected":false},"excerpt":{"rendered":"Publicerad 16 jan 2026 kl 14.48Uppdaterad kl 16.09 Djurg\u00e5rdens f\u00f6rsta tr\u00e4ningsmatch under 2026 slutade oavgjort. En styrning av&hellip;\n","protected":false},"author":2,"featured_media":138306,"comment_status":"","ping_status":"","sticky":false,"template":"","format":"standard","meta":{"footnotes":""},"categories":[68],"tags":[554,851,34,130,129,111,110,31,33,32,30],"class_list":{"0":"post-138305","1":"post","2":"type-post","3":"status-publish","4":"format-standard","5":"has-post-thumbnail","7":"category-sport","8":"tag-organization-djurgarden-fotboll","9":"tag-organization-if-brommapojkarna","10":"tag-se","11":"tag-sections-allsvenskan","12":"tag-sections-fotboll","13":"tag-sport","14":"tag-sports","15":"tag-svenska","16":"tag-sverige","17":"tag-sweden","18":"tag-swedish"},"share_on_mastodon":{"url":"https:\/\/pubeurope.com\/@se\/115905720661470876","error":""},"_links":{"self":[{"href":"https:\/\/www.europesays.com\/se\/wp-json\/wp\/v2\/posts\/138305","targetHints":{"allow":["GET"]}}],"collection":[{"href":"https:\/\/www.europesays.com\/se\/wp-json\/wp\/v2\/posts"}],"about":[{"href":"https:\/\/www.europesays.com\/se\/wp-json\/wp\/v2\/types\/post"}],"author":[{"embeddable":true,"href":"https:\/\/www.europesays.com\/se\/wp-json\/wp\/v2\/users\/2"}],"replies":[{"embeddable":true,"href":"https:\/\/www.europesays.com\/se\/wp-json\/wp\/v2\/comments?post=138305"}],"version-history":[{"count":0,"href":"https:\/\/www.europesays.com\/se\/wp-json\/wp\/v2\/posts\/138305\/revisions"}],"wp:featuredmedia":[{"embeddable":true,"href":"https:\/\/www.europesays.com\/se\/wp-json\/wp\/v2\/media\/138306"}],"wp:attachment":[{"href":"https:\/\/www.europesays.com\/se\/wp-json\/wp\/v2\/media?parent=138305"}],"wp:term":[{"taxonomy":"category","embeddable":true,"href":"https:\/\/www.europesays.com\/se\/wp-json\/wp\/v2\/categories?post=138305"},{"taxonomy":"post_tag","embeddable":true,"href":"https:\/\/www.europesays.com\/se\/wp-json\/wp\/v2\/tags?post=138305"}],"curies":[{"name":"wp","href":"https:\/\/api.w.org\/{rel}","templated":true}]}}