{"id":138309,"date":"2026-01-16T16:35:18","date_gmt":"2026-01-16T16:35:18","guid":{"rendered":"https:\/\/www.europesays.com\/se\/138309\/"},"modified":"2026-01-16T16:35:18","modified_gmt":"2026-01-16T16:35:18","slug":"troja-lanar-spelare-fran-shl-smalanningen","status":"publish","type":"post","link":"https:\/\/www.europesays.com\/se\/138309\/","title":{"rendered":"Troja l\u00e5nar spelare fr\u00e5n SHL \u2013 Sm\u00e5l\u00e4nningen"},"content":{"rendered":"<p>\u2013 Vi \u00e4r v\u00e4ldigt n\u00f6jda och glada \u00f6ver samarbete med R\u00f6gle BK och att Marwin ansluter till oss. I Marwin s\u00e4kerst\u00e4ller vi numer\u00e4r samtidigt som vi adderar ytterligare en hockeyarbetare med f\u00f6rm\u00e5gan att spela, s\u00e4ger Trojas sportchef Tobias Johansson.<\/p>\n<p>Marwin &#8211; ja, det \u00e4r 19-\u00e5rige Marwin Jarbsj\u00f6 med 15 SHL-matcher f\u00f6r R\u00f6gle den h\u00e4r s\u00e4songen i bagaget. Planen \u00e4r att Marwin skall spela med Troja resten av s\u00e4songen, och \u00e4r tillg\u00e4nglig redan idag mot Modo Hockey.<\/p>\n","protected":false},"excerpt":{"rendered":"\u2013 Vi \u00e4r v\u00e4ldigt n\u00f6jda och glada \u00f6ver samarbete med R\u00f6gle BK och att Marwin ansluter till oss.&hellip;\n","protected":false},"author":2,"featured_media":138310,"comment_status":"","ping_status":"","sticky":false,"template":"","format":"standard","meta":{"footnotes":""},"categories":[68],"tags":[34,111,110,31,33,32,30],"class_list":{"0":"post-138309","1":"post","2":"type-post","3":"status-publish","4":"format-standard","5":"has-post-thumbnail","7":"category-sport","8":"tag-se","9":"tag-sport","10":"tag-sports","11":"tag-svenska","12":"tag-sverige","13":"tag-sweden","14":"tag-swedish"},"share_on_mastodon":{"url":"https:\/\/pubeurope.com\/@se\/115905752089893371","error":""},"_links":{"self":[{"href":"https:\/\/www.europesays.com\/se\/wp-json\/wp\/v2\/posts\/138309","targetHints":{"allow":["GET"]}}],"collection":[{"href":"https:\/\/www.europesays.com\/se\/wp-json\/wp\/v2\/posts"}],"about":[{"href":"https:\/\/www.europesays.com\/se\/wp-json\/wp\/v2\/types\/post"}],"author":[{"embeddable":true,"href":"https:\/\/www.europesays.com\/se\/wp-json\/wp\/v2\/users\/2"}],"replies":[{"embeddable":true,"href":"https:\/\/www.europesays.com\/se\/wp-json\/wp\/v2\/comments?post=138309"}],"version-history":[{"count":0,"href":"https:\/\/www.europesays.com\/se\/wp-json\/wp\/v2\/posts\/138309\/revisions"}],"wp:featuredmedia":[{"embeddable":true,"href":"https:\/\/www.europesays.com\/se\/wp-json\/wp\/v2\/media\/138310"}],"wp:attachment":[{"href":"https:\/\/www.europesays.com\/se\/wp-json\/wp\/v2\/media?parent=138309"}],"wp:term":[{"taxonomy":"category","embeddable":true,"href":"https:\/\/www.europesays.com\/se\/wp-json\/wp\/v2\/categories?post=138309"},{"taxonomy":"post_tag","embeddable":true,"href":"https:\/\/www.europesays.com\/se\/wp-json\/wp\/v2\/tags?post=138309"}],"curies":[{"name":"wp","href":"https:\/\/api.w.org\/{rel}","templated":true}]}}