{"id":138333,"date":"2026-01-16T17:07:13","date_gmt":"2026-01-16T17:07:13","guid":{"rendered":"https:\/\/www.europesays.com\/se\/138333\/"},"modified":"2026-01-16T17:07:13","modified_gmt":"2026-01-16T17:07:13","slug":"vi-ar-komplett-utspelade-avesta-tidning","status":"publish","type":"post","link":"https:\/\/www.europesays.com\/se\/138333\/","title":{"rendered":"\u201dVi \u00e4r komplett utspelade\u201d \u2013 Avesta Tidning"},"content":{"rendered":"<p>17\u201334 i skott \u2013 och tredje raka f\u00f6rlusten mot rivalen Bryn\u00e4s.<\/p>\n<p>Efter\u00e5t var Johan Hedberg allt annat \u00e4n n\u00f6jd.<\/p>\n<p>\u2013 Vi var komplett utspelade, s\u00e4ger Leksands huvudtr\u00e4nare efter 3\u20134-f\u00f6rlusten.<\/p>\n<p>Leksand var ute efter revansch p\u00e5 torsdagskv\u00e4llen n\u00e4r Bryn\u00e4s \u2013 som dalalaget f\u00f6rlorat s\u00e4songens tv\u00e5 m\u00f6ten mot \u2013 kom p\u00e5 bes\u00f6k till Tegera arena. <\/p>\n<p>Tekniskt fel<\/p>\n<p class=\"message__text txt-ui txt-ui-2\">V\u00e4nligen f\u00f6rs\u00f6k igen senare.<\/p>\n<p>Den h\u00e4r artikeln \u00e4r bara f\u00f6r prenumeranter<\/p>\n<p class=\"txt-body txt-body-1\">Om du redan \u00e4r prenumerant: logga in!<\/p>\n","protected":false},"excerpt":{"rendered":"17\u201334 i skott \u2013 och tredje raka f\u00f6rlusten mot rivalen Bryn\u00e4s. Efter\u00e5t var Johan Hedberg allt annat \u00e4n&hellip;\n","protected":false},"author":2,"featured_media":138334,"comment_status":"","ping_status":"","sticky":false,"template":"","format":"standard","meta":{"footnotes":""},"categories":[68],"tags":[34,111,110,31,33,32,30],"class_list":{"0":"post-138333","1":"post","2":"type-post","3":"status-publish","4":"format-standard","5":"has-post-thumbnail","7":"category-sport","8":"tag-se","9":"tag-sport","10":"tag-sports","11":"tag-svenska","12":"tag-sverige","13":"tag-sweden","14":"tag-swedish"},"share_on_mastodon":{"url":"https:\/\/pubeurope.com\/@se\/115905877931895804","error":""},"_links":{"self":[{"href":"https:\/\/www.europesays.com\/se\/wp-json\/wp\/v2\/posts\/138333","targetHints":{"allow":["GET"]}}],"collection":[{"href":"https:\/\/www.europesays.com\/se\/wp-json\/wp\/v2\/posts"}],"about":[{"href":"https:\/\/www.europesays.com\/se\/wp-json\/wp\/v2\/types\/post"}],"author":[{"embeddable":true,"href":"https:\/\/www.europesays.com\/se\/wp-json\/wp\/v2\/users\/2"}],"replies":[{"embeddable":true,"href":"https:\/\/www.europesays.com\/se\/wp-json\/wp\/v2\/comments?post=138333"}],"version-history":[{"count":0,"href":"https:\/\/www.europesays.com\/se\/wp-json\/wp\/v2\/posts\/138333\/revisions"}],"wp:featuredmedia":[{"embeddable":true,"href":"https:\/\/www.europesays.com\/se\/wp-json\/wp\/v2\/media\/138334"}],"wp:attachment":[{"href":"https:\/\/www.europesays.com\/se\/wp-json\/wp\/v2\/media?parent=138333"}],"wp:term":[{"taxonomy":"category","embeddable":true,"href":"https:\/\/www.europesays.com\/se\/wp-json\/wp\/v2\/categories?post=138333"},{"taxonomy":"post_tag","embeddable":true,"href":"https:\/\/www.europesays.com\/se\/wp-json\/wp\/v2\/tags?post=138333"}],"curies":[{"name":"wp","href":"https:\/\/api.w.org\/{rel}","templated":true}]}}