{"id":138341,"date":"2026-01-16T17:19:10","date_gmt":"2026-01-16T17:19:10","guid":{"rendered":"https:\/\/www.europesays.com\/se\/138341\/"},"modified":"2026-01-16T17:19:10","modified_gmt":"2026-01-16T17:19:10","slug":"konservativt-brittiskt-toppnamn-ansluter-till-farage","status":"publish","type":"post","link":"https:\/\/www.europesays.com\/se\/138341\/","title":{"rendered":"Konservativt brittiskt toppnamn ansluter till Farage"},"content":{"rendered":"<p>En av de mest h\u00f6gprofilerade medlemmarna i det brittiska Tory-partiet, Robert Jenrick, meddelar att han byter till Nigel Farages h\u00f6gerpopulistiska Reformparti, rapporterar brittiska medier. <\/p>\n<p>Jenrick var en av toppkandidaterna att ta \u00f6ver partilledarrollen 2024, men fick se sig besegrad av Kemi Badenoch. Dessf\u00f6rinnan har han varit minister i tre regeringar och var fram till i dag justitieminister i partiets skuggregering. <\/p>\n<p>\u2013 Nigel st\u00e5r f\u00f6r den verkliga f\u00f6r\u00e4ndring v\u00e5rt land har beh\u00f6vt i mer \u00e4n ett \u00e5rtionde, s\u00e4ger han p\u00e5 en presskonferens. <\/p>\n<p>Omni \u00e4r politiskt obundna och oberoende. Vi str\u00e4var efter att ge fler perspektiv p\u00e5 nyheterna. Har du fr\u00e5gor eller synpunkter kring v\u00e5r rapportering? <a href=\"https:\/\/omni.se\/konservativt-brittiskt-toppnamn-ansluter-till-farage\/a\/mailto:redaktion@omni.se\" class=\"ArticleActions_contactLink__W2F1M\" rel=\"nofollow noopener\" target=\"_blank\">Kontakta redaktionen<\/a><\/p>\n","protected":false},"excerpt":{"rendered":"En av de mest h\u00f6gprofilerade medlemmarna i det brittiska Tory-partiet, Robert Jenrick, meddelar att han byter till Nigel&hellip;\n","protected":false},"author":2,"featured_media":138342,"comment_status":"","ping_status":"","sticky":false,"template":"","format":"standard","meta":{"footnotes":""},"categories":[14],"tags":[22,23,2749,267,26,27,17,21,13851,24,25,28,29,15,4280,16,18,34,593,31,33,32,30,19,20,51,52,53,54],"class_list":{"0":"post-138341","1":"post","2":"type-post","3":"status-publish","4":"format-standard","5":"has-post-thumbnail","7":"category-varlden","8":"tag-breaking-news","9":"tag-breakingnews","10":"tag-brittisk-politik","11":"tag-europa","12":"tag-featured-news","13":"tag-featurednews","14":"tag-headlines","15":"tag-huvudnyheter","16":"tag-kemi-badenoch","17":"tag-latest-news","18":"tag-latestnews","19":"tag-main-news","20":"tag-mainnews","21":"tag-news","22":"tag-nigel-farage","23":"tag-nyheter","24":"tag-rubriker","25":"tag-se","26":"tag-storbritannien","27":"tag-svenska","28":"tag-sverige","29":"tag-sweden","30":"tag-swedish","31":"tag-top-stories","32":"tag-topstories","33":"tag-varlden","34":"tag-world","35":"tag-world-news","36":"tag-worldnews"},"share_on_mastodon":{"url":"https:\/\/pubeurope.com\/@se\/115905925137055965","error":""},"_links":{"self":[{"href":"https:\/\/www.europesays.com\/se\/wp-json\/wp\/v2\/posts\/138341","targetHints":{"allow":["GET"]}}],"collection":[{"href":"https:\/\/www.europesays.com\/se\/wp-json\/wp\/v2\/posts"}],"about":[{"href":"https:\/\/www.europesays.com\/se\/wp-json\/wp\/v2\/types\/post"}],"author":[{"embeddable":true,"href":"https:\/\/www.europesays.com\/se\/wp-json\/wp\/v2\/users\/2"}],"replies":[{"embeddable":true,"href":"https:\/\/www.europesays.com\/se\/wp-json\/wp\/v2\/comments?post=138341"}],"version-history":[{"count":0,"href":"https:\/\/www.europesays.com\/se\/wp-json\/wp\/v2\/posts\/138341\/revisions"}],"wp:featuredmedia":[{"embeddable":true,"href":"https:\/\/www.europesays.com\/se\/wp-json\/wp\/v2\/media\/138342"}],"wp:attachment":[{"href":"https:\/\/www.europesays.com\/se\/wp-json\/wp\/v2\/media?parent=138341"}],"wp:term":[{"taxonomy":"category","embeddable":true,"href":"https:\/\/www.europesays.com\/se\/wp-json\/wp\/v2\/categories?post=138341"},{"taxonomy":"post_tag","embeddable":true,"href":"https:\/\/www.europesays.com\/se\/wp-json\/wp\/v2\/tags?post=138341"}],"curies":[{"name":"wp","href":"https:\/\/api.w.org\/{rel}","templated":true}]}}