{"id":138347,"date":"2026-01-16T17:32:08","date_gmt":"2026-01-16T17:32:08","guid":{"rendered":"https:\/\/www.europesays.com\/se\/138347\/"},"modified":"2026-01-16T17:32:08","modified_gmt":"2026-01-16T17:32:08","slug":"experten-till-attack-mot-farjestad-efter-att-jorgen-jonsson-sparkats","status":"publish","type":"post","link":"https:\/\/www.europesays.com\/se\/138347\/","title":{"rendered":"Experten till attack mot F\u00e4rjestad efter att J\u00f6rgen J\u00f6nsson sparkats"},"content":{"rendered":"<p>                                                    <img fetchpriority=\"high\" width=\"664\" height=\"350\" src=\"https:\/\/www.europesays.com\/se\/wp-content\/uploads\/2026\/01\/JonssonGarpenlov-664x350.jpg\" class=\"attachment-main-thumbnail size-main-thumbnail\" alt=\"Johan Garpenl\u00f6v rasar efter att J\u00f6rgen J\u00f6nsson sparkats\" classes=\"inline-featured-image\" loading=\"eager\" decoding=\"async\"  \/><\/p>\n<p>                                                            Foto: Bildbyr\u00e5n                                                        <\/p>\n<p><strong>F\u00e4rjestad sparkade J\u00f6rgen J\u00f6nsson.<br \/>Nu g\u00e5r Johan Garpenl\u00f6v till attack mot sportchefen Rickard Wallin.<br \/>\u2013\u00a0Det \u00e4r bara hans fel, s\u00e4ger experten i Radiosporten.<\/strong><\/p>\n<p>Det stormar rej\u00e4lt kring <a href=\"https:\/\/www.sportbibeln.se\/tag\/farjestad-bk\/\" rel=\"nofollow noopener\" target=\"_blank\">F\u00e4rjestad<\/a> f\u00f6r tillf\u00e4llet. F\u00f6r en vecka sedan, efter fyra raka f\u00f6rluster och en sjundeplats i tabellen, valde man att g\u00e5 skilda v\u00e4gar med <strong><a href=\"https:\/\/www.sportbibeln.se\/tag\/jorgen-jonsson\/\" rel=\"nofollow noopener\" target=\"_blank\">J\u00f6rgen J\u00f6nsson<\/a><\/strong>. Ikonen skrev p\u00e5 ett fyra\u00e5rskontrakt med FBK inf\u00f6r s\u00e4songen, men fick nu allts\u00e5 g\u00e5 efter drygt halva s\u00e4songen spelad.<\/p>\n<p>Beslutet har r\u00f6rt upp rej\u00e4lt med k\u00e4nslor och m\u00e5nga \u00e4r f\u00f6rv\u00e5nade med tanke p\u00e5 den status J\u00f6rgen J\u00f6nsson har i F\u00e4rjestad, som en av klubbens st\u00f6rsta spelare genom tiderna. <strong><a href=\"https:\/\/www.sportbibeln.se\/tag\/johan-garpenlov\/\" rel=\"nofollow noopener\" target=\"_blank\">Johan Garpenl\u00f6v<\/a><\/strong>, tidigare f\u00f6rbundskapten f\u00f6r <a href=\"https:\/\/www.sportbibeln.se\/tag\/tre-kronor\/\" rel=\"nofollow noopener\" target=\"_blank\">Tre Kronor<\/a> och numera expert p\u00e5 Radiosporten, tycker att klubbens beslut \u00e4r fel. Han menar dessutom att det bara \u00e4r en persons fel att det blivit som det blivit f\u00f6r F\u00e4rjestad den h\u00e4r s\u00e4songen, och det \u00e4r samma person som l\u00e4t J\u00f6rgen J\u00f6nsson g\u00e5.<\/p>\n<p>Kritik mot J\u00f6rgen J\u00f6nsson-sparkning<\/p>\n<p>I Radiosporten g\u00e5r experten till attack mot sportdirekt\u00f6ren <strong><a href=\"https:\/\/www.sportbibeln.se\/tag\/rickard-wallin\/\" rel=\"nofollow noopener\" target=\"_blank\">Rickard Wallin<\/a><\/strong>, och menar att han borde avg\u00e5.<br \/>\u2013 Jag tycker att man har en inkompetent sportchef i Rickard Wallin, som inte klarar av att fullf\u00f6lja n\u00e5gonting som man har gett sig in i, utan viker ner sig f\u00f6r att man kanske inte f\u00e5r resultaten med sig direkt, och man har inte t\u00e5lamodet i det h\u00e4r ledarskapet. F\u00f6r mig handlar det om att man har en spelargrupp, d\u00e4r man inte har en k\u00e4rngrupp som st\u00e5r f\u00f6r F\u00e4rjestads v\u00e4rderingar, och som \u00e4r beredda p\u00e5 att g\u00e5 in i d\u00f6den f\u00f6r det. D\u00e5 blir det p\u00e5 spelarnas villkor, och blir det p\u00e5 spelarnas villkor, d\u00e5 kommer du f\u00e5 sparka tr\u00e4nare hela tiden. F\u00f6r du kommer alltid ha spelare som inte gillar din tr\u00e4nare, s\u00e4ger han, och forts\u00e4tter:<br \/>\u2013 Det h\u00e4r \u00e4r bara Rickard Wallins fel, helt enkelt.<\/p>\n<p><strong>L\u00c4S MER: <\/strong><a href=\"https:\/\/www.sportbibeln.se\/hockey\/hakan-loobs-brutalt-arliga-ord-om-farjestad-och-jorgen-jonsson\/\" rel=\"nofollow noopener\" target=\"_blank\">H\u00e5kan Loobs brutalt \u00e4rliga ord om F\u00e4rjestad och J\u00f6rgen J\u00f6nsson<\/a><\/p>\n<p>Johan Garpenl\u00f6vs expertkollega i Radiosporten, <strong>Daniel Widing<\/strong>, h\u00e5ller \u00e4ven han med om att Rickard Wallin borde avg\u00e5.<br \/>\u2013 Svaret blir ju ja p\u00e5 den fr\u00e5gan. Men sen vill jag s\u00e4ga att jag tycker att han satt ihop ett bra lag, jag tycker att de ska vara p\u00e5 den \u00f6vre halvan i SHL. Men sparkar man en tr\u00e4nare som man signerat ett fyra\u00e5rskontrakt med efter bara ett halv\u00e5r, d\u00e5 m\u00e5ste man ifr\u00e5gas\u00e4tta sin position sj\u00e4lv: \u201dVad g\u00f6r jag h\u00e4r just nu?\u201d.\u00a0<\/p>\n<p><strong>L\u00c4S MER: <\/strong><a href=\"https:\/\/www.sportbibeln.se\/hockey\/jatteilska-i-farjestad-rasar-mot-uppgifterna-i-media-forbannad\/\" rel=\"nofollow noopener\" target=\"_blank\">J\u00e4tteilska i F\u00e4rjestad \u2013 rasar mot uppgifterna i media: \u201dF\u00f6rbannad\u201d<\/a><\/p>\n<p>\u00a0<\/p>\n","protected":false},"excerpt":{"rendered":"Foto: Bildbyr\u00e5n F\u00e4rjestad sparkade J\u00f6rgen J\u00f6nsson.Nu g\u00e5r Johan Garpenl\u00f6v till attack mot sportchefen Rickard Wallin.\u2013\u00a0Det \u00e4r bara hans&hellip;\n","protected":false},"author":2,"featured_media":138348,"comment_status":"","ping_status":"","sticky":false,"template":"","format":"standard","meta":{"footnotes":""},"categories":[68],"tags":[34,111,110,31,33,32,30],"class_list":{"0":"post-138347","1":"post","2":"type-post","3":"status-publish","4":"format-standard","5":"has-post-thumbnail","7":"category-sport","8":"tag-se","9":"tag-sport","10":"tag-sports","11":"tag-svenska","12":"tag-sverige","13":"tag-sweden","14":"tag-swedish"},"share_on_mastodon":{"url":"https:\/\/pubeurope.com\/@se\/115905976256198558","error":""},"_links":{"self":[{"href":"https:\/\/www.europesays.com\/se\/wp-json\/wp\/v2\/posts\/138347","targetHints":{"allow":["GET"]}}],"collection":[{"href":"https:\/\/www.europesays.com\/se\/wp-json\/wp\/v2\/posts"}],"about":[{"href":"https:\/\/www.europesays.com\/se\/wp-json\/wp\/v2\/types\/post"}],"author":[{"embeddable":true,"href":"https:\/\/www.europesays.com\/se\/wp-json\/wp\/v2\/users\/2"}],"replies":[{"embeddable":true,"href":"https:\/\/www.europesays.com\/se\/wp-json\/wp\/v2\/comments?post=138347"}],"version-history":[{"count":0,"href":"https:\/\/www.europesays.com\/se\/wp-json\/wp\/v2\/posts\/138347\/revisions"}],"wp:featuredmedia":[{"embeddable":true,"href":"https:\/\/www.europesays.com\/se\/wp-json\/wp\/v2\/media\/138348"}],"wp:attachment":[{"href":"https:\/\/www.europesays.com\/se\/wp-json\/wp\/v2\/media?parent=138347"}],"wp:term":[{"taxonomy":"category","embeddable":true,"href":"https:\/\/www.europesays.com\/se\/wp-json\/wp\/v2\/categories?post=138347"},{"taxonomy":"post_tag","embeddable":true,"href":"https:\/\/www.europesays.com\/se\/wp-json\/wp\/v2\/tags?post=138347"}],"curies":[{"name":"wp","href":"https:\/\/api.w.org\/{rel}","templated":true}]}}