{"id":138351,"date":"2026-01-16T17:40:25","date_gmt":"2026-01-16T17:40:25","guid":{"rendered":"https:\/\/www.europesays.com\/se\/138351\/"},"modified":"2026-01-16T17:40:25","modified_gmt":"2026-01-16T17:40:25","slug":"olsson-ett-misslyckande-mina-samsta-ar-i-karriaren-superettan","status":"publish","type":"post","link":"https:\/\/www.europesays.com\/se\/138351\/","title":{"rendered":"Olsson: &#8221;Ett misslyckande &#8211; mina s\u00e4msta \u00e5r i karri\u00e4ren&#8221; &#8211; Superettan"},"content":{"rendered":"<p>Filip Olsson skr\u00e4der inte orden n\u00e4r han levererar sin bed\u00f6mning.<\/p>\n<p>&#8211; Mina s\u00e4msta \u00e5r i karri\u00e4ren. Ett misslyckande. Kan man s\u00e4ga s\u00e5?<\/p>\n<p><strong>Det l\u00e5ter h\u00e5rt.<\/strong><br \/>&#8211; Ja, men samtidigt gjorde jag tre starter p\u00e5 tre \u00e5r &#8211; sedan var det b\u00e4nken. Det finns inget positivt att ta med sig d\u00e4rifr\u00e5n.<\/p>\n<p>Han pratar om sina \u00e5r i Sirius. I b\u00f6rjan 2022 l\u00e4mnade han Landskrona Bois f\u00f6r en flytt till Uppsala, men i bl\u00e5svart blev det inte som planerat. <\/p>\n<p>&#8211; Dock ska det s\u00e4gas att jag trivdes j\u00e4ttebra i Uppsala. Det gjorde att jag klarade h\u00e5lla hum\u00f6ret uppe trots menisk- och korsbandsskador, sittande p\u00e5 b\u00e4nken och vara utanf\u00f6r truppen. Det finns m\u00e5nga fina personer som hj\u00e4lpte mig mycket. <\/p>\n<p><strong>Ut\u00f6ver skador. Varf\u00f6r blev det som det blev i Sirius?<\/strong><br \/>&#8211; De presenterade en bild f\u00f6r mig n\u00e4r jag skrev p\u00e5. Den bilden h\u00f6ll i n\u00e5gra m\u00e5nader innan man \u00e4ndrade till ett annat spels\u00e4tt och d\u00e5 fanns min roll inte kvar. Jag beh\u00f6vde anpassa mig till det och lyckades inte. <\/p>\n<p>&#8211; Dessutom var alla som tog mig till Sirius borta n\u00e4r jag kom tillbaka fr\u00e5n min skada vilket heller inte var j\u00e4ttepositivt. Det blev tufft.<\/p>\n<p>&#8211; Sen var jag v\u00e4l inte tillr\u00e4ckligt bra. \u00c4r man tillr\u00e4ckligt bra f\u00e5r man spela oavsett.<\/p>\n<p>I vintras l\u00f6pte kontraktet ut och d\u00e5 gick Olsson och Sirius skilda v\u00e4gar. H\u00e4rn\u00e4st v\u00e4ntar spel i \u00d6sters IF som han signerat ett tv\u00e5 plus ett-\u00e5rskontrakt med. <\/p>\n<p>En viktig faktor i flytten? Max M\u00f6lder, som numera \u00e4r huvudtr\u00e4nare i \u00d6ster.<\/p>\n<p>&#8211; N\u00e4r mitt kontrakt med Sirius gick ut kollade vi r\u00e4tt mycket utomlands. Men med tanke hur deras f\u00f6nster ligger blir det inte konkret med de klubbarna f\u00f6rr\u00e4n i ett senare skede. S\u00e5 det var mycket v\u00e4ntande.<\/p>\n<p>&#8211; Men s\u00e5 fick jag ett samtal fr\u00e5n \u00d6ster den 30 eller 31 december. De fr\u00e5gade hur mina planer s\u00e5g ut &#8211; och sen gick det r\u00e4tt snabbt. <\/p>\n<p>Olsson forts\u00e4tter:<\/p>\n<p>&#8211; \u00d6ster f\u00f6rklarade sin plan och sen hj\u00e4lpte det s\u00e5 klart till att Max var d\u00e4r. Jag vet vilken fotboll han vill spela och vad han vill g\u00f6ra. S\u00e5 det fanns inte m\u00e5nga tveksamheter. <\/p>\n<p><strong>Vilken roll spelade M\u00f6lder i ditt beslut? Det var \u00e4nd\u00e5 under honom du fick ditt genombrott i Bois.<br \/><\/strong>&#8211; Stor roll, just av den anledningen. Men en stor anledning var ocks\u00e5 mitt snack med sportchefen (Ola Larsson) och chefsscouten (Leo Neuman) och det uppl\u00e4gg de presenterade f\u00f6r mig. <\/p>\n<p>&#8211; Jag kommer fr\u00e5n en tid i Sirius d\u00e4r jag bara varit skadad och suttit p\u00e5 b\u00e4nken. Nu kommer jag in i ett lag d\u00e4r jag vet vad som kr\u00e4vs av mig och vad jag f\u00f6rv\u00e4ntas g\u00f6ra p\u00e5 planen. Det ska bli sk\u00f6nt. <\/p>\n<p><strong>Hur har f\u00f6rsta tiden i \u00d6ster varit?<\/strong><br \/>&#8211; J\u00e4ttebra, faktiskt. Jag k\u00e4nner n\u00e5gra i laget lite halvt sedan innan s\u00e5 det har varit l\u00e4tt att komma in i gruppen, och det \u00e4r en bra grupp. Det har k\u00e4nts j\u00e4ttebra.<\/p>\n<p>Det finns nog en del Bois-supportrar som \u00e4r besvikna \u00f6ver att det inte blev svartvit-randigt f\u00f6r Olsson n\u00e4r han v\u00e4nde tillbaka till superettan. <\/p>\n<p>Mittf\u00e4ltaren ber\u00e4ttar att en \u00e5terkomst inte var ett alternativ f\u00f6r honom av den enkla anledningen att Landskronas d\u00f6rr inte stod \u00f6ppen.<\/p>\n<p>&#8211; De hade fullt p\u00e5 positionerna jag spelar p\u00e5 och det fanns ingen m\u00f6jlighet. Att det inte skulle bli Landskrona var klart redan i h\u00f6stas, s\u00e4ger Olsson.<\/p>\n<p>&#8211; Jag kan f\u00f6rst\u00e5 att det finns en liten frustration (bland supportrar) men s\u00e5dana \u00e4r fotbollen.<\/p>\n<p><strong>Landskrona hade st\u00e4ngt d\u00f6rren?<\/strong><br \/>&#8211; Ja. Eller den stod p\u00e5 gl\u00e4nt men det var inte det jag var ute efter. <\/p>\n<p>Olsson \u00e5terkommer till vikten av att f\u00e5 spela i en roll han trivs i vilket \u00e4r f\u00f6rv\u00e4ntningen i \u00d6ster och under M\u00f6lders ledning.<\/p>\n<p>&#8211; Jag k\u00e4nde att jag hittade tillbaka till mitt spel i Sandviken i v\u00e5ras n\u00e4r jag hade en hyfsat klar roll. Fotboll blir v\u00e4ldigt kul d\u00e5.<\/p>\n<p><strong>Hur viktig var utl\u00e5ning till Sandviken i fjol f\u00f6r dig?<\/strong><br \/>&#8211; J\u00e4tteviktig. Jag k\u00f6rde f\u00f6rs\u00e4songen i Sirius och ville visa upp mig f\u00f6r nye tr\u00e4naren (Andreas Engelmark). Jag k\u00e4nde mig i bra form. Sedan n\u00e4rmade vi oss seriestart och jag hade inga samtal med n\u00e5gon i staben.<\/p>\n<p>&#8211; Sedan visade det sig att jag inte var inr\u00e4knad i planerna, men ingen hade sagt det till mig. S\u00e5 det k\u00e4ndes sk\u00f6nt att det l\u00f6ste sig med Sandviken.<\/p>\n<p>&#8211; Och jag har Sandviken, sportchefen (Peter Svensson) och Eldar (Abdulic, tr\u00e4nare) att tacka f\u00f6r mycket. De hj\u00e4lpte mig med b\u00e5de fotbollen och allt utanf\u00f6r, att se saker positivt. <\/p>\n<p>Det \u00e4r allts\u00e5 en Olsson \u00e5ter p\u00e5 v\u00e4g upp\u00e5t i sin karri\u00e4r som har anl\u00e4nt till \u00d6ster.<\/p>\n<p>&#8211; Jag hoppas kunna bidra med po\u00e4ng, m\u00e5l och assist. L\u00f6sa knutar mot l\u00e5gt st\u00e5ende f\u00f6rsvar. Men jag hoppas ocks\u00e5 kunna bidra med en v\u00e4ldigt stor l\u00f6pkapacitet. <\/p>\n<p>&#8211; \u00d6ster \u00e4r en stor och fin klubb. Allt runtomkring &#8211; arenan, faciliteterna och s\u00e5 vidare &#8211; lockade mig v\u00e4ldigt mycket. Jag tycker \u00d6ster f\u00f6rtj\u00e4nar att vara h\u00f6gre upp \u00e4n i superettan.<\/p>\n<p><strong>Ambitionen \u00e4r att studsa tillbaka till allsvenskan direkt. Hur ser du p\u00e5 er m\u00f6jlighet att lyckas med det?<\/strong><br \/>&#8211; M\u00f6jligheten \u00e4r god, men s\u00e5 \u00e4r det f\u00f6r flera lag. Alla lag som \u00e5ker ur f\u00e5r ett favoritskap. <\/p>\n<p>&#8211; Men superettan \u00e4r superettan, det kommer alltid upp nya lag som g\u00e5r v\u00e4ldigt bra och det \u00e4r alltid n\u00e5got lag som satsar och hittar r\u00e4tt. Det g\u00e4ller att l\u00e4gga ner jobbet och g\u00f6r vi det \u00e4r m\u00f6jligheterna goda, avslutar Olsson. <\/p>\n","protected":false},"excerpt":{"rendered":"Filip Olsson skr\u00e4der inte orden n\u00e4r han levererar sin bed\u00f6mning. &#8211; Mina s\u00e4msta \u00e5r i karri\u00e4ren. Ett misslyckande.&hellip;\n","protected":false},"author":2,"featured_media":138352,"comment_status":"","ping_status":"","sticky":false,"template":"","format":"standard","meta":{"footnotes":""},"categories":[68],"tags":[34,111,110,31,33,32,30],"class_list":{"0":"post-138351","1":"post","2":"type-post","3":"status-publish","4":"format-standard","5":"has-post-thumbnail","7":"category-sport","8":"tag-se","9":"tag-sport","10":"tag-sports","11":"tag-svenska","12":"tag-sverige","13":"tag-sweden","14":"tag-swedish"},"share_on_mastodon":{"url":"https:\/\/pubeurope.com\/@se\/115906007752723292","error":""},"_links":{"self":[{"href":"https:\/\/www.europesays.com\/se\/wp-json\/wp\/v2\/posts\/138351","targetHints":{"allow":["GET"]}}],"collection":[{"href":"https:\/\/www.europesays.com\/se\/wp-json\/wp\/v2\/posts"}],"about":[{"href":"https:\/\/www.europesays.com\/se\/wp-json\/wp\/v2\/types\/post"}],"author":[{"embeddable":true,"href":"https:\/\/www.europesays.com\/se\/wp-json\/wp\/v2\/users\/2"}],"replies":[{"embeddable":true,"href":"https:\/\/www.europesays.com\/se\/wp-json\/wp\/v2\/comments?post=138351"}],"version-history":[{"count":0,"href":"https:\/\/www.europesays.com\/se\/wp-json\/wp\/v2\/posts\/138351\/revisions"}],"wp:featuredmedia":[{"embeddable":true,"href":"https:\/\/www.europesays.com\/se\/wp-json\/wp\/v2\/media\/138352"}],"wp:attachment":[{"href":"https:\/\/www.europesays.com\/se\/wp-json\/wp\/v2\/media?parent=138351"}],"wp:term":[{"taxonomy":"category","embeddable":true,"href":"https:\/\/www.europesays.com\/se\/wp-json\/wp\/v2\/categories?post=138351"},{"taxonomy":"post_tag","embeddable":true,"href":"https:\/\/www.europesays.com\/se\/wp-json\/wp\/v2\/tags?post=138351"}],"curies":[{"name":"wp","href":"https:\/\/api.w.org\/{rel}","templated":true}]}}