{"id":138375,"date":"2026-01-16T18:13:53","date_gmt":"2026-01-16T18:13:53","guid":{"rendered":"https:\/\/www.europesays.com\/se\/138375\/"},"modified":"2026-01-16T18:13:53","modified_gmt":"2026-01-16T18:13:53","slug":"man-kan-saklart-bara-lyssna-pa-basen-veronica-maggio-slapper-sy-dig-pa-mig","status":"publish","type":"post","link":"https:\/\/www.europesays.com\/se\/138375\/","title":{"rendered":"\u201dMAN KAN S\u00c5KLART BARA LYSSNA P\u00c5 BASEN\u201d \u2013 VERONICA MAGGIO SL\u00c4PPER \u201dSY DIG P\u00c5 MIG\u201d"},"content":{"rendered":"<p>\n          Pressmeddelande &#8211;<br \/>\n16 Januari 2026 07:00<\/p>\n<p>    Dela<\/p>\n<p>\n          L\u00e4nk kopierad!\n        <\/p>\n<p>          <a class=\"ghost-btn-with-icon svg-stroke\" rel=\"nofollow noopener\" aria-label=\"Ladda ned som PDF\" href=\"https:\/\/www.mynewsdesk.com\/se\/universalmusic\/pressreleases\/man-kan-saaklart-bara-lyssna-paa-basen-veronica-maggio-slaepper-sy-dig-paa-mig-3425874.pdf\" target=\"_blank\"><\/p>\n<p>            Ladda ner<br \/>\n<\/a>      <\/p>\n<p>Under 2025 bj\u00f6d Veronica Maggio in sina fans till en ny v\u00e4rld av analog pop, panik\u00e5ngest, grungegitarrer och filmiska str\u00e5kar. P\u00e5 sitt \u00e5ttonde album <strong>Sciura <\/strong>skruvar hon ner den svenska radiopopen och bygger n\u00e5got r\u00e5are, smutsigare och mer of\u00f6ruts\u00e4gbart, med r\u00f6tter i 90- och 00-talets melankoliska sound.<\/p>\n<p>LYSSNA <a href=\"https:\/\/umusic.box.com\/s\/pjzhg89622he86i3jt6rx3n2n6jc7gq4\" rel=\"nofollow noopener\" target=\"_blank\">H\u00c4R<\/a><\/p>\n<p>Den 16 januari sl\u00e4ppes den fj\u00e4rde singeln \u201dSy dig p\u00e5 mig\u201d fr\u00e5n det kommande albumet Sciura. Veronica f\u00f6rklarar l\u00e5ten: \u201d\u2019Sy dig p\u00e5 mig\u2019 handlar om att leva livet i villanelle som Dylan Thomas, om min of\u00f6ruts\u00e4gbara feghet, om viljan att v\u00e5ga allt men bita sig i tungan ist\u00e4llet. Men man kan s\u00e5klart bara lyssna p\u00e5 basen ocks\u00e5 \u2013 den kan vara det b\u00e4sta med l\u00e5ten.\u201d<\/p>\n<p>\u201cSy dig p\u00e5 mig\u201d \u00e4r den f\u00f6rsta singeln fr\u00e5n Disc 2 av Sciura, som \u00e4r uppdelat p\u00e5 tv\u00e5 skivor likt ett klassiskt dubbelalbum fr\u00e5n 1990-talet. Disc 1 sl\u00e4pptes i h\u00f6stas (3 oktober 2025) och Disc 2 sl\u00e4pps nu i mars 2026.<\/p>\n<p><strong>\u201dSy dig p\u00e5 mig\u201d med Veronica Maggio sl\u00e4pps via EMI Sweden \/ Universal Music den 16 januari.<\/strong><\/p>\n<p>Universal Music \u00e4r Sveriges och v\u00e4rldens st\u00f6rsta och ledande musikbolag\u00a0med representation i hela 71 l\u00e4nder. Med framg\u00e5ngsrika och legendariska skivetiketter som Def Jam, Capitol Records, Interscope, EMI,\u00a0Island Records, Virgin, Motown, Polar, Verve och Deutsche Grammophone har Universal Music en unik blandning av nya talanger, etablerade artister och superstj\u00e4rnor.<\/p>\n<p>Bes\u00f6k <a href=\"http:\/\/www.universalmusic.se\" target=\"_blank\" rel=\"nofollow noopener\">www.universalmusic.se<\/a> f\u00f6r mer info!<\/p>\n<p>      <img decoding=\"async\" alt=\"Universal Music Sweden\" class=\"logo\" src=\"https:\/\/www.europesays.com\/se\/wp-content\/uploads\/2025\/11\/mkosbxoq0gn0yjhlwumd.jpeg\"\/><\/p>\n","protected":false},"excerpt":{"rendered":"Pressmeddelande &#8211; 16 Januari 2026 07:00 Dela L\u00e4nk kopierad! Ladda ner Under 2025 bj\u00f6d Veronica Maggio in sina&hellip;\n","protected":false},"author":2,"featured_media":138376,"comment_status":"","ping_status":"","sticky":false,"template":"","format":"standard","meta":{"footnotes":"","_share_on_mastodon":"0"},"categories":[67],"tags":[4193,104,34,31,33,32,30,105,5343],"class_list":["post-138375","post","type-post","status-publish","format-standard","has-post-thumbnail","category-underhallning","tag-album","tag-entertainment","tag-se","tag-svenska","tag-sverige","tag-sweden","tag-swedish","tag-underhallning","tag-veronica-maggio"],"share_on_mastodon":{"url":"https:\/\/pubeurope.com\/@se\/115906141382025111","error":""},"_links":{"self":[{"href":"https:\/\/www.europesays.com\/se\/wp-json\/wp\/v2\/posts\/138375","targetHints":{"allow":["GET"]}}],"collection":[{"href":"https:\/\/www.europesays.com\/se\/wp-json\/wp\/v2\/posts"}],"about":[{"href":"https:\/\/www.europesays.com\/se\/wp-json\/wp\/v2\/types\/post"}],"author":[{"embeddable":true,"href":"https:\/\/www.europesays.com\/se\/wp-json\/wp\/v2\/users\/2"}],"replies":[{"embeddable":true,"href":"https:\/\/www.europesays.com\/se\/wp-json\/wp\/v2\/comments?post=138375"}],"version-history":[{"count":0,"href":"https:\/\/www.europesays.com\/se\/wp-json\/wp\/v2\/posts\/138375\/revisions"}],"wp:featuredmedia":[{"embeddable":true,"href":"https:\/\/www.europesays.com\/se\/wp-json\/wp\/v2\/media\/138376"}],"wp:attachment":[{"href":"https:\/\/www.europesays.com\/se\/wp-json\/wp\/v2\/media?parent=138375"}],"wp:term":[{"taxonomy":"category","embeddable":true,"href":"https:\/\/www.europesays.com\/se\/wp-json\/wp\/v2\/categories?post=138375"},{"taxonomy":"post_tag","embeddable":true,"href":"https:\/\/www.europesays.com\/se\/wp-json\/wp\/v2\/tags?post=138375"}],"curies":[{"name":"wp","href":"https:\/\/api.w.org\/{rel}","templated":true}]}}