{"id":138389,"date":"2026-01-16T18:38:07","date_gmt":"2026-01-16T18:38:07","guid":{"rendered":"https:\/\/www.europesays.com\/se\/138389\/"},"modified":"2026-01-16T18:38:07","modified_gmt":"2026-01-16T18:38:07","slug":"finlandsk-vm-skrall-besegrade-sverige-vasterbottens-kuriren","status":"publish","type":"post","link":"https:\/\/www.europesays.com\/se\/138389\/","title":{"rendered":"Finl\u00e4ndsk VM-skr\u00e4ll \u2013 besegrade Sverige &#8211; V\u00e4sterbottens-Kuriren"},"content":{"rendered":"<ol>\n<li><a href=\"https:\/\/news.google.com\/rss\/articles\/CBMifEFVX3lxTE9SVEFfN3J6NDdrYXV2M1BrOUljMDFtdlp6bERtMU9rZ0JKQXg4S1BDX1RqQWhXeU9rbTlXdlU2SnVUcXhnVV9TT0NmRHE4MlQzRjdKNmtuX3lHSG1EZW1QSTVWMDJDVlNJMkg1b2ZRb0tYWUtMWTM5a0EzZ0o?oc=5\" target=\"_blank\" rel=\"nofollow noopener\">Finl\u00e4ndsk VM-skr\u00e4ll \u2013 besegrade Sverige<\/a>&nbsp;&nbsp;V\u00e4sterbottens-Kuriren<\/li>\n<li><a href=\"https:\/\/news.google.com\/rss\/articles\/CBMikAFBVV95cUxPX2xzYjF6alFZaWdWS3ptZ05oeXRjRjBwMkhVOGF4Vmdhel8tNzVKdWw0OV9lY0FGaTZWcU1DNDF2d2x6WkJFUnhtM2tzLXpGTzc4aXZVN0o5S3JkYjhfaG91NEsxY083Q2gwd3I5M2ZEdFFZMktGRWtOVnAzM3ZHSkpFcHJCOFpxSkFNajFCcDI?oc=5\" target=\"_blank\" rel=\"nofollow noopener\">Sverige f\u00f6rlorade sin f\u00f6rsta match i bandy-VM<\/a>&nbsp;&nbsp;Aftonbladet<\/li>\n<li><a href=\"https:\/\/news.google.com\/rss\/articles\/CBMinwFBVV95cUxNRW1kWDhJaEVEQ2Y3Z3R4WmJsejY3MVk3OUNnUHNZamlERGJPOGIyYmp1VXpHSkZ3dnUwenNCMlAxQXlIN3hGNDZxLW1XT245Tk1JY2YtVmQzRTBueVFBSWZMa2c4NS1pbUg4MzM1MWM0eGJZa0E3eVBJYnhxTzkyR2ZxUkNIV2xHUHhxSnlGMU5LSnRCaXFYTGxPUHFzWXM?oc=5\" target=\"_blank\" rel=\"nofollow noopener\">Bandy: Finl\u00e4ndsk gl\u00e4djeyra i slutminuterna \u2013 snodde gruppsegern fr\u00e5n Sverige<\/a>&nbsp;&nbsp;SVT Nyheter<\/li>\n<li><a href=\"https:\/\/news.google.com\/rss\/articles\/CBMibkFVX3lxTE1DN24xQWhKdGhIc2dWbFlJdTk2cUdpZHZqZzdVbEtUdU1jQTByVWFhZ19ZdWY3dUVvM1NkclZKaE5TbWtjaUVZU0ZiOWNTcTBBV0hXVnFUSjlOYVFlZEF5ZHU2MldJVVR4U0RoTEdR?oc=5\" target=\"_blank\" rel=\"nofollow noopener\">Sverige kan vinna tv\u00e5 guld<\/a>&nbsp;&nbsp;8 Sidor<\/li>\n<li><a href=\"https:\/\/news.google.com\/rss\/articles\/CBMiQEFVX3lxTFBlMFVteDhYTmlya3dsVk1zak5sN3Ixb0FoVmkzYlJ1cDJQazRtRHduWTlEQWNXck5ybXpEa0luZkc?oc=5\" target=\"_blank\" rel=\"nofollow noopener\">Direkt: F\u00f6rsta riktiga testet d\u00e5 Finland m\u00f6ter Sverige i bandy-VM<\/a>&nbsp;&nbsp;Yle<\/li>\n<\/ol>\n","protected":false},"excerpt":{"rendered":"Finl\u00e4ndsk VM-skr\u00e4ll \u2013 besegrade Sverige&nbsp;&nbsp;V\u00e4sterbottens-Kuriren Sverige f\u00f6rlorade sin f\u00f6rsta match i bandy-VM&nbsp;&nbsp;Aftonbladet Bandy: Finl\u00e4ndsk gl\u00e4djeyra i slutminuterna \u2013&hellip;\n","protected":false},"author":2,"featured_media":138390,"comment_status":"","ping_status":"","sticky":false,"template":"","format":"standard","meta":{"footnotes":""},"categories":[68],"tags":[34,111,110,31,33,32,30],"class_list":{"0":"post-138389","1":"post","2":"type-post","3":"status-publish","4":"format-standard","5":"has-post-thumbnail","7":"category-sport","8":"tag-se","9":"tag-sport","10":"tag-sports","11":"tag-svenska","12":"tag-sverige","13":"tag-sweden","14":"tag-swedish"},"share_on_mastodon":{"url":"https:\/\/pubeurope.com\/@se\/115906235747292379","error":""},"_links":{"self":[{"href":"https:\/\/www.europesays.com\/se\/wp-json\/wp\/v2\/posts\/138389","targetHints":{"allow":["GET"]}}],"collection":[{"href":"https:\/\/www.europesays.com\/se\/wp-json\/wp\/v2\/posts"}],"about":[{"href":"https:\/\/www.europesays.com\/se\/wp-json\/wp\/v2\/types\/post"}],"author":[{"embeddable":true,"href":"https:\/\/www.europesays.com\/se\/wp-json\/wp\/v2\/users\/2"}],"replies":[{"embeddable":true,"href":"https:\/\/www.europesays.com\/se\/wp-json\/wp\/v2\/comments?post=138389"}],"version-history":[{"count":0,"href":"https:\/\/www.europesays.com\/se\/wp-json\/wp\/v2\/posts\/138389\/revisions"}],"wp:featuredmedia":[{"embeddable":true,"href":"https:\/\/www.europesays.com\/se\/wp-json\/wp\/v2\/media\/138390"}],"wp:attachment":[{"href":"https:\/\/www.europesays.com\/se\/wp-json\/wp\/v2\/media?parent=138389"}],"wp:term":[{"taxonomy":"category","embeddable":true,"href":"https:\/\/www.europesays.com\/se\/wp-json\/wp\/v2\/categories?post=138389"},{"taxonomy":"post_tag","embeddable":true,"href":"https:\/\/www.europesays.com\/se\/wp-json\/wp\/v2\/tags?post=138389"}],"curies":[{"name":"wp","href":"https:\/\/api.w.org\/{rel}","templated":true}]}}