{"id":138393,"date":"2026-01-16T18:46:11","date_gmt":"2026-01-16T18:46:11","guid":{"rendered":"https:\/\/www.europesays.com\/se\/138393\/"},"modified":"2026-01-16T18:46:11","modified_gmt":"2026-01-16T18:46:11","slug":"lakarbesked-om-os-skador-sakerhetsatgarder-vasterbottens-kuriren","status":"publish","type":"post","link":"https:\/\/www.europesays.com\/se\/138393\/","title":{"rendered":"L\u00e4karbesked om OS-skador: &quot;S\u00e4kerhets\u00e5tg\u00e4rder&quot; &#8211; V\u00e4sterbottens-Kuriren"},"content":{"rendered":"<ol>\n<li><a href=\"https:\/\/news.google.com\/rss\/articles\/CBMigwFBVV95cUxNWmo2OTA0X1VRaGFvbndQSVM1bEVuV2RES1NRazVTVVloQ1l5SkVMNlNrclpJZFo1LXRmS3RibzYyZi1DU0d5UE9iTDZDYThZTjIzY0NyaVdYei1DWGo2X3FqZUpCNlh4MEpNcUFncG5EaTZSb0xzNFJZRV9icktmZGJjVQ?oc=5\" target=\"_blank\" rel=\"nofollow noopener\">L\u00e4karbesked om OS-skador: &#8221;S\u00e4kerhets\u00e5tg\u00e4rder&#8221;<\/a>&nbsp;&nbsp;V\u00e4sterbottens-Kuriren<\/li>\n<li><a href=\"https:\/\/news.google.com\/rss\/articles\/CBMisgFBVV95cUxNZUJzMnZwRjZEUjBxcXFjLWlqcjJ6ZWs2R1lYWEVNSEVaSUJoaW5sSGQyUnoxSUxBZzhMSlJ2TDlZdi1hb0pxY3JNNVRmTE9tRmRqTVBtN3RVc01zUUszWWZnRXFfUXZ3NG9maUVMdXhXLVlBTkI5aWFCOHpmczJweGpPRUF6LV9Cb2d2eHBhZGU3VHRGamRBZVN3LWVVa25nRzVZTWVrYVVacDFSZW1sODRR?oc=5\" target=\"_blank\" rel=\"nofollow noopener\">Ny skada f\u00f6r Tre Kronor inf\u00f6r OS<\/a>&nbsp;&nbsp;Aftonbladet<\/li>\n<li><a href=\"https:\/\/news.google.com\/rss\/articles\/CBMijgFBVV95cUxNQWtOeFZEMGRvZjhUakIzNTJHMUU2M1d1WGt6UUJpY0VWUUljSVRCSG5Ndmp1N2I1dUpIU3JsVVE3YTcySjFlbGM0bWpkMk5YUV9Ibnk4ejdTbXM3WXNMNmdIdHEyRFJXY0lWVG9sZ1g0TVhraENUdlJ6cnRJd1E1TmdNMThnMnBjaWJiYVJB?oc=5\" target=\"_blank\" rel=\"nofollow noopener\">Tre Kronor \u2022 ADAM JOHANSSON: Vad \u00e4r det som p\u00e5g\u00e5r inf\u00f6r OS egentligen?<\/a>&nbsp;&nbsp;Expressen<\/li>\n<li><a href=\"https:\/\/news.google.com\/rss\/articles\/CBMilAFBVV95cUxNREw3Sjk3QXk3cHpfMkpkbVRlQTFVWUFvRG1fNmhXeHNYMmNxQ1hUSXdwRFJaN19kWDR3NlBZYkNuYU0tZDVOaTVCamhGMDBHNktFMEw0T1pQUUx5NFVZM2VUOEpkbWhmZVYwMEpLY3N1VEdmV2xGa2QxWTdfVjA3VUZwcUt1RWp6UGRYcUgwQ2toUVZG?oc=5\" target=\"_blank\" rel=\"nofollow noopener\">Ishockey: Leo Carlsson skadad \u2013 spelade inte i natt \u2013 Senaste nytt: NHL<\/a>&nbsp;&nbsp;SVT Nyheter<\/li>\n<li><a href=\"https:\/\/news.google.com\/rss\/articles\/CBMikAFBVV95cUxOTnl1WTVUVk1sMDlaUjlueHlJeVQ3Zmt6RzZjZDdyZTZ3LVFXbEhuNU1ic1BLaU1FTVd4MzBaaTFPUWxJWl9oemZFTElXeFVtQTdxaWxoTWpITkY2MGQtbnBtWjlvRTY1QV9yNl8wU1VMbUQtWno4dW8zYVBNUVlyNTkyN2VBbDNmUTgtVGF5dVo?oc=5\" target=\"_blank\" rel=\"nofollow noopener\">Ny skadesm\u00e4ll f\u00f6r Tre Kronor inf\u00f6r OS \u2013 listan v\u00e4xer<\/a>&nbsp;&nbsp;Sveriges Radio<\/li>\n<\/ol>\n","protected":false},"excerpt":{"rendered":"L\u00e4karbesked om OS-skador: &#8221;S\u00e4kerhets\u00e5tg\u00e4rder&#8221;&nbsp;&nbsp;V\u00e4sterbottens-Kuriren Ny skada f\u00f6r Tre Kronor inf\u00f6r OS&nbsp;&nbsp;Aftonbladet Tre Kronor \u2022 ADAM JOHANSSON: Vad \u00e4r&hellip;\n","protected":false},"author":2,"featured_media":138394,"comment_status":"","ping_status":"","sticky":false,"template":"","format":"standard","meta":{"footnotes":""},"categories":[68],"tags":[34,111,110,31,33,32,30],"class_list":{"0":"post-138393","1":"post","2":"type-post","3":"status-publish","4":"format-standard","5":"has-post-thumbnail","7":"category-sport","8":"tag-se","9":"tag-sport","10":"tag-sports","11":"tag-svenska","12":"tag-sverige","13":"tag-sweden","14":"tag-swedish"},"share_on_mastodon":{"url":"https:\/\/pubeurope.com\/@se\/115906267226989500","error":""},"_links":{"self":[{"href":"https:\/\/www.europesays.com\/se\/wp-json\/wp\/v2\/posts\/138393","targetHints":{"allow":["GET"]}}],"collection":[{"href":"https:\/\/www.europesays.com\/se\/wp-json\/wp\/v2\/posts"}],"about":[{"href":"https:\/\/www.europesays.com\/se\/wp-json\/wp\/v2\/types\/post"}],"author":[{"embeddable":true,"href":"https:\/\/www.europesays.com\/se\/wp-json\/wp\/v2\/users\/2"}],"replies":[{"embeddable":true,"href":"https:\/\/www.europesays.com\/se\/wp-json\/wp\/v2\/comments?post=138393"}],"version-history":[{"count":0,"href":"https:\/\/www.europesays.com\/se\/wp-json\/wp\/v2\/posts\/138393\/revisions"}],"wp:featuredmedia":[{"embeddable":true,"href":"https:\/\/www.europesays.com\/se\/wp-json\/wp\/v2\/media\/138394"}],"wp:attachment":[{"href":"https:\/\/www.europesays.com\/se\/wp-json\/wp\/v2\/media?parent=138393"}],"wp:term":[{"taxonomy":"category","embeddable":true,"href":"https:\/\/www.europesays.com\/se\/wp-json\/wp\/v2\/categories?post=138393"},{"taxonomy":"post_tag","embeddable":true,"href":"https:\/\/www.europesays.com\/se\/wp-json\/wp\/v2\/tags?post=138393"}],"curies":[{"name":"wp","href":"https:\/\/api.w.org\/{rel}","templated":true}]}}