{"id":138434,"date":"2026-01-16T19:47:28","date_gmt":"2026-01-16T19:47:28","guid":{"rendered":"https:\/\/www.europesays.com\/se\/138434\/"},"modified":"2026-01-16T19:47:28","modified_gmt":"2026-01-16T19:47:28","slug":"mellan-ostyrig-ungdomsgard-och-sovande-samtal-kvartal","status":"publish","type":"post","link":"https:\/\/www.europesays.com\/se\/138434\/","title":{"rendered":"Mellan ostyrig ungdomsg\u00e5rd och s\u00f6vande samtal \u2013 Kvartal"},"content":{"rendered":"<p class=\"text-[17px] sm:text-[18px] leading-[1.5] font-cambon text-text-default-tertiary\">V\u00e4n av ordning b\u00f6r allra f\u00f6rst framh\u00e5lla att det inte finns n\u00e5got direkt samband mellan kritiken mot SVT:s f\u00f6rra partiledardebatt och flytten av riksdagens motsvarighet fr\u00e5n morgontid till tv:s prime time. Planerna p\u00e5 att f\u00f6rl\u00e4gga \u00e5tminstone n\u00e5gra av riksdagens partiledardebatter till tittarv\u00e4nlig kv\u00e4llstid fanns redan innan, men m\u00f6jligen fick de mer fart av den diskussion som uppstod efter SVT-debatten i h\u00f6stas.<\/p>\n","protected":false},"excerpt":{"rendered":"V\u00e4n av ordning b\u00f6r allra f\u00f6rst framh\u00e5lla att det inte finns n\u00e5got direkt samband mellan kritiken mot SVT:s&hellip;\n","protected":false},"author":2,"featured_media":138435,"comment_status":"","ping_status":"","sticky":false,"template":"","format":"standard","meta":{"footnotes":""},"categories":[12],"tags":[22,23,26,27,17,21,6259,24,25,28,29,3764,15,16,12768,18,34,31,33,32,30,19,20],"class_list":{"0":"post-138434","1":"post","2":"type-post","3":"status-publish","4":"format-standard","5":"has-post-thumbnail","7":"category-sverige","8":"tag-breaking-news","9":"tag-breakingnews","10":"tag-featured-news","11":"tag-featurednews","12":"tag-headlines","13":"tag-huvudnyheter","14":"tag-inrikespolitik","15":"tag-latest-news","16":"tag-latestnews","17":"tag-main-news","18":"tag-mainnews","19":"tag-medier","20":"tag-news","21":"tag-nyheter","22":"tag-riksdagsvalet-2026","23":"tag-rubriker","24":"tag-se","25":"tag-svenska","26":"tag-sverige","27":"tag-sweden","28":"tag-swedish","29":"tag-top-stories","30":"tag-topstories"},"share_on_mastodon":{"url":"https:\/\/pubeurope.com\/@se\/115906507456250978","error":""},"_links":{"self":[{"href":"https:\/\/www.europesays.com\/se\/wp-json\/wp\/v2\/posts\/138434","targetHints":{"allow":["GET"]}}],"collection":[{"href":"https:\/\/www.europesays.com\/se\/wp-json\/wp\/v2\/posts"}],"about":[{"href":"https:\/\/www.europesays.com\/se\/wp-json\/wp\/v2\/types\/post"}],"author":[{"embeddable":true,"href":"https:\/\/www.europesays.com\/se\/wp-json\/wp\/v2\/users\/2"}],"replies":[{"embeddable":true,"href":"https:\/\/www.europesays.com\/se\/wp-json\/wp\/v2\/comments?post=138434"}],"version-history":[{"count":0,"href":"https:\/\/www.europesays.com\/se\/wp-json\/wp\/v2\/posts\/138434\/revisions"}],"wp:featuredmedia":[{"embeddable":true,"href":"https:\/\/www.europesays.com\/se\/wp-json\/wp\/v2\/media\/138435"}],"wp:attachment":[{"href":"https:\/\/www.europesays.com\/se\/wp-json\/wp\/v2\/media?parent=138434"}],"wp:term":[{"taxonomy":"category","embeddable":true,"href":"https:\/\/www.europesays.com\/se\/wp-json\/wp\/v2\/categories?post=138434"},{"taxonomy":"post_tag","embeddable":true,"href":"https:\/\/www.europesays.com\/se\/wp-json\/wp\/v2\/tags?post=138434"}],"curies":[{"name":"wp","href":"https:\/\/api.w.org\/{rel}","templated":true}]}}