{"id":138479,"date":"2026-01-16T21:10:08","date_gmt":"2026-01-16T21:10:08","guid":{"rendered":"https:\/\/www.europesays.com\/se\/138479\/"},"modified":"2026-01-16T21:10:08","modified_gmt":"2026-01-16T21:10:08","slug":"new-york-rangers-krisdrag-lovar-stora-forandringar","status":"publish","type":"post","link":"https:\/\/www.europesays.com\/se\/138479\/","title":{"rendered":"New York Rangers krisdrag \u2013 lovar stora f\u00f6r\u00e4ndringar"},"content":{"rendered":"<p><strong>New York Rangers lovar stora f\u00f6r\u00e4ndringar i truppen.<br \/>I ett uttalande s\u00e4ger <a href=\"https:\/\/x.com\/NYRangers\/status\/2012230949275152435?s=20\" rel=\"nofollow\">Rangers GM Chris Drury <\/a>att spelare som betytt mycket kommer att f\u00e5 l\u00e4mna klubben.<br \/>P\u00e5 fredagen har uppgifter florerat om vilka av dessa spelare kan vara.<\/strong><\/p>\n<p><img loading=\"lazy\" decoding=\"async\" width=\"1024\" height=\"682\" src=\"https:\/\/www.europesays.com\/se\/wp-content\/uploads\/2026\/01\/BB250303BB058-1024x682.webp.webp\" alt=\"\" class=\"wp-image-346252\"  \/>Artemi Panarin och Mika Zibanejad.<br \/>Foto: Bildbyr\u00e5n<\/p>\n<p><a href=\"https:\/\/hockeysverige.se\/klubb\/new-york-rangers\" rel=\"nofollow noopener\" target=\"_blank\">New York Rangers<\/a> har haft en riktigt tung s\u00e4song. Nu g\u00e5r organisationens general manager Chris Drury ut och lovar stora f\u00f6r\u00e4ndringar i laget fram\u00f6ver.<\/p>\n<p>Det som kommer att ske \u00e4r inte en s\u00e5 kallad \u201drebuild \u2013\u00a0utan en \u201dretool\u201d, s\u00e4ger han i ett uttalande.<\/p>\n<p>I omvandlingen lovar man nu stora f\u00f6r\u00e4ndringar av truppen \u2013 d\u00e4r flera spelare kommer att bytas ut.<\/p>\n<p>\u201dOriginal six\u201d-klubben som varit med i NHL sedan starten, har inte vunnit en Stanley Cup sedan 1994. <\/p>\n<p>\u201dVi har haft ett par bra \u00f6gonblick \u00f6ver de senaste \u00e5ren men vi har inte n\u00e5tt v\u00e5rt slutm\u00e5l. Vi har jobbat stenh\u00e5rt varje dag f\u00f6r att f\u00e5 tillbaka Stanley Cup-pokalen till New York, vilket \u00e4r vad fansen f\u00f6rtj\u00e4nar\u201d, skriver Chris Drury i ett uttalande.<\/p>\n<p>Lovar k\u00e4nslom\u00e4ssiga farv\u00e4l<\/p>\n<p>Vidare skriver han att de kommer att g\u00f6ra om laget fram\u00f6ver. <\/p>\n<p>\u201dDet inneb\u00e4r att vi kommer att ta farv\u00e4l till spelare som har gett oss och v\u00e5ra fans stora \u00f6gonblick \u00f6ver tid. Spelare som har representerat Rangers med stolthet och allt kommer vara en del av v\u00e5r familj\u201d.<\/p>\n<p>Det g\u00e5r uppgifter p\u00e5 fredagen om att b\u00e5de <a href=\"https:\/\/www.dailyfaceoff.com\/news\/assessing-10-trade-fits-destinations-rangers-artemi-panarin-red-wings-sabres-kings-avalanche-capitals-hurricanes\" rel=\"nofollow noopener\" target=\"_blank\">Artemij Panarin<\/a> och <a href=\"https:\/\/x.com\/NHLRumourReport\/status\/2012193257019600979?s=20\" rel=\"nofollow\">Vincent Trocheck<\/a> kan trejdas.<\/p>\n<p>Tidigare har \u00e4ven rykten om <a href=\"https:\/\/hockeysverige.se\/spelare\/mika-zibanejad\" rel=\"nofollow noopener\" target=\"_blank\">Mika Zibanejad <\/a>florerat, men under kv\u00e4llen handlar uppgifterna mest om de tv\u00e5 f\u00f6rstn\u00e4mnda.<\/p>\n","protected":false},"excerpt":{"rendered":"New York Rangers lovar stora f\u00f6r\u00e4ndringar i truppen.I ett uttalande s\u00e4ger Rangers GM Chris Drury att spelare som&hellip;\n","protected":false},"author":2,"featured_media":138480,"comment_status":"","ping_status":"","sticky":false,"template":"","format":"standard","meta":{"footnotes":""},"categories":[68],"tags":[247,34,133,111,110,31,33,32,30],"class_list":{"0":"post-138479","1":"post","2":"type-post","3":"status-publish","4":"format-standard","5":"has-post-thumbnail","7":"category-sport","8":"tag-nhl","9":"tag-se","10":"tag-second-news","11":"tag-sport","12":"tag-sports","13":"tag-svenska","14":"tag-sverige","15":"tag-sweden","16":"tag-swedish"},"share_on_mastodon":{"url":"https:\/\/pubeurope.com\/@se\/115906833479053303","error":""},"_links":{"self":[{"href":"https:\/\/www.europesays.com\/se\/wp-json\/wp\/v2\/posts\/138479","targetHints":{"allow":["GET"]}}],"collection":[{"href":"https:\/\/www.europesays.com\/se\/wp-json\/wp\/v2\/posts"}],"about":[{"href":"https:\/\/www.europesays.com\/se\/wp-json\/wp\/v2\/types\/post"}],"author":[{"embeddable":true,"href":"https:\/\/www.europesays.com\/se\/wp-json\/wp\/v2\/users\/2"}],"replies":[{"embeddable":true,"href":"https:\/\/www.europesays.com\/se\/wp-json\/wp\/v2\/comments?post=138479"}],"version-history":[{"count":0,"href":"https:\/\/www.europesays.com\/se\/wp-json\/wp\/v2\/posts\/138479\/revisions"}],"wp:featuredmedia":[{"embeddable":true,"href":"https:\/\/www.europesays.com\/se\/wp-json\/wp\/v2\/media\/138480"}],"wp:attachment":[{"href":"https:\/\/www.europesays.com\/se\/wp-json\/wp\/v2\/media?parent=138479"}],"wp:term":[{"taxonomy":"category","embeddable":true,"href":"https:\/\/www.europesays.com\/se\/wp-json\/wp\/v2\/categories?post=138479"},{"taxonomy":"post_tag","embeddable":true,"href":"https:\/\/www.europesays.com\/se\/wp-json\/wp\/v2\/tags?post=138479"}],"curies":[{"name":"wp","href":"https:\/\/api.w.org\/{rel}","templated":true}]}}