{"id":138493,"date":"2026-01-16T21:26:11","date_gmt":"2026-01-16T21:26:11","guid":{"rendered":"https:\/\/www.europesays.com\/se\/138493\/"},"modified":"2026-01-16T21:26:11","modified_gmt":"2026-01-16T21:26:11","slug":"officiellt-alvaro-santos-till-fc-rosengard","status":"publish","type":"post","link":"https:\/\/www.europesays.com\/se\/138493\/","title":{"rendered":"Officiellt: \u00c1lvaro Santos till FC Roseng\u00e5rd"},"content":{"rendered":"<p><a href=\"https:\/\/fotbolltransfers.com\/tranare\/xc1lvaro-santos\/464\" rel=\"nofollow noopener\" target=\"_blank\">\u00c1lvaro Santos<\/a>, 45, inledde sin tr\u00e4narkarri\u00e4r i Helsingborgs IF:s U19-lag.<\/p>\n<p>Senare blev han uppflyttad till A-laget och har \u00e4ven hunnit vara huvudtr\u00e4nare i danska FC Helsing\u00f6r.<\/p>\n<p>Inf\u00f6r 2025 blev brasilianaren tr\u00e4nare f\u00f6r U19-laget i Eskilsminne IF.<\/p>\n<p>I december blev det klart att han blir huvudtr\u00e4nare i division 3-klubben <a href=\"https:\/\/fotbolltransfers.com\/klubbar\/land\/hittarps-ik\/472\" rel=\"nofollow noopener\" target=\"_blank\">Hittarps IK<\/a>.<\/p>\n<p>Men nu st\u00e5r det klart att Santos l\u00e4mnar redan innan s\u00e4songen \u00e4r ig\u00e5ng.<\/p>\n<p><a href=\"https:\/\/fotbolltransfers.com\/klubbar\/land\/fc-rosengxe5rd\/63\" rel=\"nofollow noopener\" target=\"_blank\">FC Roseng\u00e5rd<\/a> bekr\u00e4ftar p\u00e5 sin officiella hemsida att Santos blir ny assisterande tr\u00e4nare.<\/p>\n<p>Santos har ett f\u00f6rflutet som spelare i <a href=\"https:\/\/fotbolltransfers.com\/klubbar\/land\/fc-kxf6penhamn\/159\" rel=\"nofollow noopener\" target=\"_blank\">FC K\u00f6penhamn<\/a> &#8211; som numera \u00e4r del\u00e4gare i Ettan-klubben.<\/p>\n<p>\u2013 P\u00e5 m\u00e5nga s\u00e4tt sluts cirkeln f\u00f6r mig nu. Att jag kan bidra p\u00e5 b\u00e5de danska och svenska i FC Roseng\u00e5rd \u00e4r som en dr\u00f6m som g\u00e5r i uppfyllelse f\u00f6r mig, s\u00e4ger han till hemsidan och forts\u00e4tter:<\/p>\n<blockquote>\n<p>Jag tar med mig all min dedikation, all min kunskap och erfarenhet in i det h\u00e4r viktiga arbetet.<\/p>\n<\/blockquote>\n<p>\u2013 B\u00e5de Danmark och Sverige betyder v\u00e4ldigt mycket f\u00f6r mig, och h\u00e4r i FCR ska vi ta med det b\u00e4sta fr\u00e5n b\u00e5da l\u00e4nderna. Jag tar med mig all min dedikation, all min kunskap och erfarenhet in i det h\u00e4r viktiga arbetet.<\/p>\n<p>Under g\u00e5rdagen presenterades <a href=\"https:\/\/fotbolltransfers.com\/tranare\/william-bergendahl\/535\" rel=\"nofollow noopener\" target=\"_blank\">William Bergendahl<\/a> som ny huvudtr\u00e4nare. Marcus Oxe \u00e4r ny sportchef.<\/p>\n<blockquote>\n<p>Det h\u00e4r \u00e4r en riktig topprekrytering.<\/p>\n<\/blockquote>\n<p>\u2013 Vi har g\u00e5tt igenom ett stort antal kandidater och intervjuer, och till slut r\u00e5dde det ingen tvekan om att Alvaro \u00e4r r\u00e4tt person f\u00f6r FC Roseng\u00e5rd. Han har mycket att bidra med, b\u00e5de tr\u00e4narm\u00e4ssigt och m\u00e4nskligt, och han har en djup f\u00f6rst\u00e5else f\u00f6r b\u00e5da l\u00e4ndernas fotbollskulturer. Det h\u00e4r \u00e4r en riktig topprekrytering, s\u00e4ger FC K\u00f6penhamns utvecklingsdirekt\u00f6r Morten Grahn till hemsidan.<\/p>\n","protected":false},"excerpt":{"rendered":"\u00c1lvaro Santos, 45, inledde sin tr\u00e4narkarri\u00e4r i Helsingborgs IF:s U19-lag. Senare blev han uppflyttad till A-laget och har&hellip;\n","protected":false},"author":2,"featured_media":138494,"comment_status":"","ping_status":"","sticky":false,"template":"","format":"standard","meta":{"footnotes":""},"categories":[68],"tags":[34,111,110,31,33,32,30],"class_list":{"0":"post-138493","1":"post","2":"type-post","3":"status-publish","4":"format-standard","5":"has-post-thumbnail","7":"category-sport","8":"tag-se","9":"tag-sport","10":"tag-sports","11":"tag-svenska","12":"tag-sverige","13":"tag-sweden","14":"tag-swedish"},"share_on_mastodon":{"url":"https:\/\/pubeurope.com\/@se\/115906896393554165","error":""},"_links":{"self":[{"href":"https:\/\/www.europesays.com\/se\/wp-json\/wp\/v2\/posts\/138493","targetHints":{"allow":["GET"]}}],"collection":[{"href":"https:\/\/www.europesays.com\/se\/wp-json\/wp\/v2\/posts"}],"about":[{"href":"https:\/\/www.europesays.com\/se\/wp-json\/wp\/v2\/types\/post"}],"author":[{"embeddable":true,"href":"https:\/\/www.europesays.com\/se\/wp-json\/wp\/v2\/users\/2"}],"replies":[{"embeddable":true,"href":"https:\/\/www.europesays.com\/se\/wp-json\/wp\/v2\/comments?post=138493"}],"version-history":[{"count":0,"href":"https:\/\/www.europesays.com\/se\/wp-json\/wp\/v2\/posts\/138493\/revisions"}],"wp:featuredmedia":[{"embeddable":true,"href":"https:\/\/www.europesays.com\/se\/wp-json\/wp\/v2\/media\/138494"}],"wp:attachment":[{"href":"https:\/\/www.europesays.com\/se\/wp-json\/wp\/v2\/media?parent=138493"}],"wp:term":[{"taxonomy":"category","embeddable":true,"href":"https:\/\/www.europesays.com\/se\/wp-json\/wp\/v2\/categories?post=138493"},{"taxonomy":"post_tag","embeddable":true,"href":"https:\/\/www.europesays.com\/se\/wp-json\/wp\/v2\/tags?post=138493"}],"curies":[{"name":"wp","href":"https:\/\/api.w.org\/{rel}","templated":true}]}}