{"id":138524,"date":"2026-01-16T21:57:08","date_gmt":"2026-01-16T21:57:08","guid":{"rendered":"https:\/\/www.europesays.com\/se\/138524\/"},"modified":"2026-01-16T21:57:08","modified_gmt":"2026-01-16T21:57:08","slug":"undersoker-hur-cellens-proteintillverkning-finjusteras-vid-salmonellainfektion","status":"publish","type":"post","link":"https:\/\/www.europesays.com\/se\/138524\/","title":{"rendered":"Unders\u00f6ker hur cellens proteintillverkning finjusteras vid salmonellainfektion"},"content":{"rendered":"<p>Epitranskriptomet \u00e4r en central och tidigare underskattad niv\u00e5 av genreglering. T\u00e4nk dig att cellen \u00e4r en j\u00e4ttelik fabrik och att mRNA \u00e4r en kopia av genetisk information fr\u00e5n DNA, \u201dinstruktionslappar\u201d, som ber\u00e4ttar vilka proteiner som ska byggas. Epitranskriptom \u00e4r alla de kemiska sm\u00e5justeringar som cellen g\u00f6r p\u00e5 dessa instruktionslappar f\u00f6r att finjustera n\u00e4r, var och hur mycket protein som ska produceras. Detta s\u00e4tt g\u00e5r snabbare \u00e4n att sl\u00e5 gener av och p\u00e5.<\/p>\n<p>Vad fokuserar din forskning p\u00e5?<\/p>\n<p>\u2013 Jag studerar hur epitranskriptommark\u00f6ren m6A regleras i v\u00e4rdceller under salmonellainfektion. Mer konkret vill jag ta reda p\u00e5 om genotoxinproducerande bakterier, i det h\u00e4r fallet salmonella som uttrycker tyfotoxin, kan p\u00e5verka mRNAs epitranskriptom och anv\u00e4nda det som ett s\u00e4tt att omforma den infekterade cellens genuttryck till sin f\u00f6rdel.<\/p>\n<p>\u2013 M\u00e5let \u00e4r att \u00f6ka v\u00e5r f\u00f6rst\u00e5else f\u00f6r hur genotoxinproducerande bakterier orsakar sjukdom. Projektet \u00e4r v\u00e4ldigt sp\u00e4nnande, inte minst eftersom jag redan kan mycket om RNA\u2011modifieringar men \u00e4r helt ny i den mikrobiologiska delen av forskningen. Det finns otroligt mycket nytt att l\u00e4ra!<\/p>\n<p>Vad har du f\u00f6r akademisk bakgrund?<\/p>\n<p>\u2013 Jag har en teknisk examen med inriktning p\u00e5 biokemiska och biologiska analyser. Vidare har jag en kandidatexamen i molekyl\u00e4rbiologi och en masterexamen i samma \u00e4mne, med fokus p\u00e5 RNA\u2011biologi och det var allts\u00e5 d\u00e5 jag b\u00f6rjade arbeta med RNA\u2011modifieringar. Under min doktorandtid fokuserade jag p\u00e5 sm\u00e5 nukleol\u00e4ra RNA och deras roll i muskeldifferentiering.<\/p>\n<p>Hur hamnade du i norra Sverige och vid Ume\u00e5 universitet?<\/p>\n<p>\u2013 Efter att ha disputerat i Paris ville jag forts\u00e4tta forska om RNA\u2011modifieringar, men g\u00e4rna utanf\u00f6r Frankrike. N\u00e4r jag s\u00e5g annonsen f\u00f6r \u2019Excellence of Choice\u2019 k\u00e4nde jag direkt att projektet passade som handen i handsken \u2013 det l\u00e5g helt i linje med det jag arbetat med, och dessutom fanns ett sp\u00e4nnande fokus p\u00e5 patogena bakterier.<\/p>\n<p>\u2013 Jag kom ocks\u00e5 att t\u00e4nka p\u00e5 att n\u00e5gra tidigare kurskamrater gjort praktik vid Ume\u00e5 universitet och trivts v\u00e4ldigt bra. Och en familjemedlem hade nyligen rest runt i Skandinavien och blivit helt f\u00f6r\u00e4lskad i naturen h\u00e4r. S\u00e5 jag t\u00e4nkte: \u2019Jag kommer nog ocks\u00e5 att trivas i Ume\u00e5!\u201d<\/p>\n<p>Vad \u00e4r utmanande och vad \u00e4r givande med att vara forskare?<\/p>\n<p>\u2013 Det sv\u00e5raste \u00e4r nog att acceptera att experiment ibland misslyckas, \u00e4ven n\u00e4r man gjort allt r\u00e4tt. Men man kan inte ge upp, utan m\u00e5ste f\u00f6rs\u00f6ka hitta en l\u00f6sning och g\u00e5 vidare. Samtidigt \u00e4r det fantastiskt att vara en del av ett forskarsamh\u00e4lle d\u00e4r andra har k\u00e4mpat med liknande problem och \u00e4r villiga att hj\u00e4lpa, st\u00f6tta och komma med nya perspektiv. Till slut \u00e4r det v\u00e4ldigt tillfredsst\u00e4llande att se hur ens arbete, som bidragit till ny kunskap, bygger p\u00e5 insatser fr\u00e5n alla som hj\u00e4lpt en l\u00e4ngs v\u00e4gen.<\/p>\n<p>Vilka \u00e4r dina intryck av Ume\u00e5 och universitetet?<\/p>\n<p>\u201dDen st\u00f6rsta skillnaden mellan Ume\u00e5 och Paris \u00e4r utan tvekan ljudniv\u00e5n \u2013 h\u00e4r \u00e4r det s\u00e5 mycket tystare! Folk verkar lugnare och mindre stressade. Jag gillar ocks\u00e5 att naturen finns precis runt h\u00f6rnet; man gl\u00f6mmer n\u00e4stan att man \u00e4r i en stad. Min upplevelse \u00e4r att Ume\u00e5 universitet \u00e4r v\u00e4lorganiserat och v\u00e4ldigt trevligt.<\/p>\n<p>Vad driver dig att forska inom life science?<\/p>\n<p>\u2013 Jag har alltid varit fascinerad av vetenskap. Det som g\u00f6r life science \u2013 \u00a0och s\u00e4rskilt molekyl\u00e4rbiologi \u2013 s\u00e5 sp\u00e4nnande \u00e4r att vi studerar molekyl\u00e4ra mekanismer som kan ha enorm betydelse f\u00f6r cellernas funktion och \u00f6de. Att f\u00f6rs\u00f6ka f\u00f6rst\u00e5 dessa mekanismer \u00e4r ocks\u00e5 ett s\u00e4tt att f\u00f6rst\u00e5 hur livet och m\u00e4nniskan blivit som de \u00e4r.<\/p>\n<p>Var ser du dig sj\u00e4lv om fem \u00e5r?<\/p>\n<p>\u2013 Jag vill g\u00e4rna stanna inom akademin, men p\u00e5 sikt hoppas jag kunna \u00e5terv\u00e4nda till Frankrike som fast anst\u00e4lld forskare.<\/p>\n","protected":false},"excerpt":{"rendered":"Epitranskriptomet \u00e4r en central och tidigare underskattad niv\u00e5 av genreglering. T\u00e4nk dig att cellen \u00e4r en j\u00e4ttelik fabrik&hellip;\n","protected":false},"author":2,"featured_media":138525,"comment_status":"","ping_status":"","sticky":false,"template":"","format":"standard","meta":{"footnotes":""},"categories":[69],"tags":[113,112,34,31,33,32,30],"class_list":{"0":"post-138524","1":"post","2":"type-post","3":"status-publish","4":"format-standard","5":"has-post-thumbnail","7":"category-halsa","8":"tag-halsa","9":"tag-health","10":"tag-se","11":"tag-svenska","12":"tag-sverige","13":"tag-sweden","14":"tag-swedish"},"share_on_mastodon":{"url":"https:\/\/pubeurope.com\/@se\/115907018293169043","error":""},"_links":{"self":[{"href":"https:\/\/www.europesays.com\/se\/wp-json\/wp\/v2\/posts\/138524","targetHints":{"allow":["GET"]}}],"collection":[{"href":"https:\/\/www.europesays.com\/se\/wp-json\/wp\/v2\/posts"}],"about":[{"href":"https:\/\/www.europesays.com\/se\/wp-json\/wp\/v2\/types\/post"}],"author":[{"embeddable":true,"href":"https:\/\/www.europesays.com\/se\/wp-json\/wp\/v2\/users\/2"}],"replies":[{"embeddable":true,"href":"https:\/\/www.europesays.com\/se\/wp-json\/wp\/v2\/comments?post=138524"}],"version-history":[{"count":0,"href":"https:\/\/www.europesays.com\/se\/wp-json\/wp\/v2\/posts\/138524\/revisions"}],"wp:featuredmedia":[{"embeddable":true,"href":"https:\/\/www.europesays.com\/se\/wp-json\/wp\/v2\/media\/138525"}],"wp:attachment":[{"href":"https:\/\/www.europesays.com\/se\/wp-json\/wp\/v2\/media?parent=138524"}],"wp:term":[{"taxonomy":"category","embeddable":true,"href":"https:\/\/www.europesays.com\/se\/wp-json\/wp\/v2\/categories?post=138524"},{"taxonomy":"post_tag","embeddable":true,"href":"https:\/\/www.europesays.com\/se\/wp-json\/wp\/v2\/tags?post=138524"}],"curies":[{"name":"wp","href":"https:\/\/api.w.org\/{rel}","templated":true}]}}