{"id":138526,"date":"2026-01-16T21:58:07","date_gmt":"2026-01-16T21:58:07","guid":{"rendered":"https:\/\/www.europesays.com\/se\/138526\/"},"modified":"2026-01-16T21:58:07","modified_gmt":"2026-01-16T21:58:07","slug":"vi-ar-ett-valdigt-starkt-lag-mora-tidning","status":"publish","type":"post","link":"https:\/\/www.europesays.com\/se\/138526\/","title":{"rendered":"\u201dVi \u00e4r ett v\u00e4ldigt starkt lag\u201d \u2013 Mora Tidning"},"content":{"rendered":"<p>Sverige spelar semifinal mot USA i morgon l\u00f6rdag under Junior VM i Kanada.<\/p>\n<p>Tv\u00e5 spelare fr\u00e5n Mora finns med i truppen: Tilde Grillfors och Ida Melin som dessutom \u00e4r assisterande lagkaptener.<\/p>\n<p>\u2013 Jag tror det blir en j\u00e4mn match, s\u00e4ger Ida Melin.<\/p>\n<p>Under gruppfinalen i damernas U18-VM p\u00e5 tisdagskv\u00e4llen f\u00f6rlorade Sveriges damlag U18-landslaget med 9-2 i matchen mot Kanada. <\/p>\n<p>Tekniskt fel<\/p>\n<p class=\"message__text txt-ui txt-ui-2\">V\u00e4nligen f\u00f6rs\u00f6k igen senare.<\/p>\n<p>Den h\u00e4r artikeln \u00e4r bara f\u00f6r prenumeranter<\/p>\n<p class=\"txt-body txt-body-1\">Om du redan \u00e4r prenumerant: logga in!<\/p>\n","protected":false},"excerpt":{"rendered":"Sverige spelar semifinal mot USA i morgon l\u00f6rdag under Junior VM i Kanada. Tv\u00e5 spelare fr\u00e5n Mora finns&hellip;\n","protected":false},"author":2,"featured_media":138527,"comment_status":"","ping_status":"","sticky":false,"template":"","format":"standard","meta":{"footnotes":""},"categories":[68],"tags":[34,111,110,31,33,32,30],"class_list":{"0":"post-138526","1":"post","2":"type-post","3":"status-publish","4":"format-standard","5":"has-post-thumbnail","7":"category-sport","8":"tag-se","9":"tag-sport","10":"tag-sports","11":"tag-svenska","12":"tag-sverige","13":"tag-sweden","14":"tag-swedish"},"share_on_mastodon":{"url":"https:\/\/pubeurope.com\/@se\/115907022177791174","error":""},"_links":{"self":[{"href":"https:\/\/www.europesays.com\/se\/wp-json\/wp\/v2\/posts\/138526","targetHints":{"allow":["GET"]}}],"collection":[{"href":"https:\/\/www.europesays.com\/se\/wp-json\/wp\/v2\/posts"}],"about":[{"href":"https:\/\/www.europesays.com\/se\/wp-json\/wp\/v2\/types\/post"}],"author":[{"embeddable":true,"href":"https:\/\/www.europesays.com\/se\/wp-json\/wp\/v2\/users\/2"}],"replies":[{"embeddable":true,"href":"https:\/\/www.europesays.com\/se\/wp-json\/wp\/v2\/comments?post=138526"}],"version-history":[{"count":0,"href":"https:\/\/www.europesays.com\/se\/wp-json\/wp\/v2\/posts\/138526\/revisions"}],"wp:featuredmedia":[{"embeddable":true,"href":"https:\/\/www.europesays.com\/se\/wp-json\/wp\/v2\/media\/138527"}],"wp:attachment":[{"href":"https:\/\/www.europesays.com\/se\/wp-json\/wp\/v2\/media?parent=138526"}],"wp:term":[{"taxonomy":"category","embeddable":true,"href":"https:\/\/www.europesays.com\/se\/wp-json\/wp\/v2\/categories?post=138526"},{"taxonomy":"post_tag","embeddable":true,"href":"https:\/\/www.europesays.com\/se\/wp-json\/wp\/v2\/tags?post=138526"}],"curies":[{"name":"wp","href":"https:\/\/api.w.org\/{rel}","templated":true}]}}