{"id":138530,"date":"2026-01-16T22:06:07","date_gmt":"2026-01-16T22:06:07","guid":{"rendered":"https:\/\/www.europesays.com\/se\/138530\/"},"modified":"2026-01-16T22:06:07","modified_gmt":"2026-01-16T22:06:07","slug":"kurdiska-blir-officiellt-sprak-i-syrien-2","status":"publish","type":"post","link":"https:\/\/www.europesays.com\/se\/138530\/","title":{"rendered":"Kurdiska blir officiellt spr\u00e5k i Syrien"},"content":{"rendered":"<p>Kurdiska erk\u00e4nns som ett officiellt spr\u00e5k i Syrien, meddelar president Ahmed al-Sharaa under fredagen. Det \u00e4r f\u00f6rsta g\u00e5ngen sedan den syriska sj\u00e4lvst\u00e4ndigheten 1946 som kurders nationella r\u00e4ttigheter formellt erk\u00e4nns, skriver AFP. <\/p>\n<p>I ett tv-s\u00e4nt tal s\u00e4ger al-Sharaa att kurderna ska delta i uppbyggnaden av nationen. Han lovar ocks\u00e5 att deras r\u00e4ttigheter ska garanteras. <\/p>\n<p>Nyhetsbyr\u00e5n skriver att beskedet \u00e4r en \u201dgest av v\u00e4lvilja\u201d gentemot kurderna efter de senaste dagarnas sammandrabbningar i landet. <\/p>\n<p>Omni \u00e4r politiskt obundna och oberoende. Vi str\u00e4var efter att ge fler perspektiv p\u00e5 nyheterna. Har du fr\u00e5gor eller synpunkter kring v\u00e5r rapportering? <a href=\"https:\/\/omni.se\/kurdiska-blir-officiellt-sprak-i-syrien\/a\/mailto:redaktion@omni.se\" class=\"ArticleActions_contactLink__W2F1M\" rel=\"nofollow noopener\" target=\"_blank\">Kontakta redaktionen<\/a><\/p>\n","protected":false},"excerpt":{"rendered":"Kurdiska erk\u00e4nns som ett officiellt spr\u00e5k i Syrien, meddelar president Ahmed al-Sharaa under fredagen. Det \u00e4r f\u00f6rsta g\u00e5ngen&hellip;\n","protected":false},"author":2,"featured_media":138531,"comment_status":"","ping_status":"","sticky":false,"template":"","format":"standard","meta":{"footnotes":"","_share_on_mastodon":"0"},"categories":[5],"tags":[5361,22,23,26,27,17,21,24,25,28,29,124,15,16,18,34,31,33,32,30,4251,19,20],"class_list":["post-138530","post","type-post","status-publish","format-standard","has-post-thumbnail","category-rubriker","tag-ahmed-al-sharaa","tag-breaking-news","tag-breakingnews","tag-featured-news","tag-featurednews","tag-headlines","tag-huvudnyheter","tag-latest-news","tag-latestnews","tag-main-news","tag-mainnews","tag-mellanostern","tag-news","tag-nyheter","tag-rubriker","tag-se","tag-svenska","tag-sverige","tag-sweden","tag-swedish","tag-syrien","tag-top-stories","tag-topstories"],"share_on_mastodon":{"url":"https:\/\/pubeurope.com\/@se\/115907053839781473","error":""},"_links":{"self":[{"href":"https:\/\/www.europesays.com\/se\/wp-json\/wp\/v2\/posts\/138530","targetHints":{"allow":["GET"]}}],"collection":[{"href":"https:\/\/www.europesays.com\/se\/wp-json\/wp\/v2\/posts"}],"about":[{"href":"https:\/\/www.europesays.com\/se\/wp-json\/wp\/v2\/types\/post"}],"author":[{"embeddable":true,"href":"https:\/\/www.europesays.com\/se\/wp-json\/wp\/v2\/users\/2"}],"replies":[{"embeddable":true,"href":"https:\/\/www.europesays.com\/se\/wp-json\/wp\/v2\/comments?post=138530"}],"version-history":[{"count":0,"href":"https:\/\/www.europesays.com\/se\/wp-json\/wp\/v2\/posts\/138530\/revisions"}],"wp:featuredmedia":[{"embeddable":true,"href":"https:\/\/www.europesays.com\/se\/wp-json\/wp\/v2\/media\/138531"}],"wp:attachment":[{"href":"https:\/\/www.europesays.com\/se\/wp-json\/wp\/v2\/media?parent=138530"}],"wp:term":[{"taxonomy":"category","embeddable":true,"href":"https:\/\/www.europesays.com\/se\/wp-json\/wp\/v2\/categories?post=138530"},{"taxonomy":"post_tag","embeddable":true,"href":"https:\/\/www.europesays.com\/se\/wp-json\/wp\/v2\/tags?post=138530"}],"curies":[{"name":"wp","href":"https:\/\/api.w.org\/{rel}","templated":true}]}}