{"id":138649,"date":"2026-01-17T05:13:08","date_gmt":"2026-01-17T05:13:08","guid":{"rendered":"https:\/\/www.europesays.com\/se\/138649\/"},"modified":"2026-01-17T05:13:08","modified_gmt":"2026-01-17T05:13:08","slug":"halfvarsson-om-tvivlarna-jag-bryr-mig-inte","status":"publish","type":"post","link":"https:\/\/www.europesays.com\/se\/138649\/","title":{"rendered":"Halfvarsson om tvivlarna: \u201dJag bryr mig inte\u201d"},"content":{"rendered":"<p>share-arrowDela<\/p>\n<p>unsaveSpara<\/p>\n<p>expand-left<\/p>\n<p>helsk\u00e4rm<img decoding=\"async\" class=\"image-asset hyperion-css-u06ts1\" data-test-tag=\"image-asset\" src=\"https:\/\/www.europesays.com\/se\/wp-content\/uploads\/2026\/01\/a564d2ff-d2ab-4ed6-9f0f-bf21ea6f3902.jpeg\"  alt=\"L\u00e4ngdveteranden Calle Halfvarsson beh\u00f6ver f\u00f6rmodligen prestera s\u00e4songens b\u00e4sta lopp p\u00e5 s\u00f6ndag om det ska bli n\u00e5got OS i Italien. Arkivbild.\"  loading=\"eager\" fetchpriority=\"high\" style=\"aspect-ratio:1900 \/ 1267\"\/>L\u00e4ngdveteranden Calle Halfvarsson beh\u00f6ver f\u00f6rmodligen prestera s\u00e4songens b\u00e4sta lopp p\u00e5 s\u00f6ndag om det ska bli n\u00e5got OS i Italien. Arkivbild. Foto: Ulf Palm\/TT<\/p>\n<p class=\"hyperion-css-1shl3oz\" data-test-tag=\"lead-text\">Calle Halfvarsson \u00e4r s\u00e4ker p\u00e5 att han kommer vara i kanonform lagom till OS \u2013 om han tar sig dit.<\/p>\n<p class=\"hyperion-css-1shl3oz\" data-test-tag=\"lead-text\">S\u00f6ndagens v\u00e4rldscuplopp, 10 kilometer klassiskt i Oberhof, blir sista chansen att tysta tvivlarna.<\/p>\n<p class=\"hyperion-css-1shl3oz\" data-test-tag=\"lead-text\">\u2013 Besserwissrar kommer det alltid finnas, s\u00e5dana som tror att de vet mer n\u00e4r de sitter hemma i soffan, s\u00e4ger l\u00e4ngdveteranen.<\/p>\n<p class=\"hyperion-css-1v9qo5x\">Halfvarsson har haft struliga s\u00e4songer tidigare. Men fr\u00e5gan \u00e4r om inte den h\u00e4r vintern tar priset.<\/p>\n<p class=\"hyperion-css-1v9qo5x\">\u2013 Det har bara varit stress rakt igenom. Det har inte varit n\u00e5gon harmoni direkt, s\u00e4ger 36-\u00e5ringen p\u00e5 telefon fr\u00e5n Oberhof.<\/p>\n<p class=\"hyperion-css-1v9qo5x\">\u2013 Hela h\u00f6sten blev ju pulvriserad av sjukdomar. Jag kom in i s\u00e4songen helt j\u00e4vla otr\u00e4nad.<\/p>\n<p class=\"hyperion-css-1v9qo5x\">Han \u00e4r p\u00e5 plats i Tyskland f\u00f6r att t\u00e4vla i s\u00f6ndagens distanslopp, 10 kilometer klassisk stil. Det blir Calle Halfvarssons f\u00f6rsta v\u00e4rldscupt\u00e4vling f\u00f6r s\u00e4songen.<\/p>\n<p class=\"hyperion-css-1v9qo5x\">Och samtidigt sista chansen att n\u00e5 en OS-plats.<\/p>\n<p>Svaga resultat<\/p>\n<p class=\"hyperion-css-1v9qo5x\">Efter en misslyckad Sverigepremi\u00e4r i november blev han sjuk igen och n\u00e4r han v\u00e4l kunde t\u00e4vla igen \u2013 f\u00f6rst i Skandinaviska cupen i Finland och nu senast i Sverigecupen i Falun \u2013 har det mestadels blivit svaga resultat. Undantaget var andraplatsen p\u00e5 just 10 kilometer klassiskt i Falun f\u00f6rra veckan.<\/p>\n<p class=\"hyperion-css-1v9qo5x\">Den insatsen r\u00e4ckte f\u00f6r att \u00f6vertyga landslagsledningen om att ge honom en sista m\u00f6jlighet att bevisa att han f\u00f6rtj\u00e4nar en biljett till OS i Italien, d\u00e4r l\u00e4ngdt\u00e4vlingarna avg\u00f6rs i Val di Fiemme.<\/p>\n<p class=\"hyperion-css-1v9qo5x\">\u2013 Jag beh\u00f6ver ta ett r\u00e4tt ordentligt steg till mot Falun. G\u00e4rna ett s\u00e5dant som jag tog fr\u00e5n Finland till Falun, kanske till och med mer \u00e4n s\u00e5. Sedan tror jag kanske inte att jag beh\u00f6ver vinna loppet, d\u00e4r \u00e4r jag nog inte riktigt. Det vore helt sjukt om jag skulle klara av att vinna med den bakgrunden jag har. Men en topplacering vore fint, s\u00e4ger Calle Halfvarsson.<\/p>\n<p class=\"hyperion-css-1v9qo5x\">Det vore ocks\u00e5 synd p\u00e5 bra form om han inte lyckas ta sig till de olympiska spelen.<\/p>\n<p class=\"hyperion-css-1v9qo5x\">\u2013 Jag \u00e4r ganska s\u00e4ker p\u00e5 att jag kommer vara i j\u00e4ttebra form om tre veckor. Men d\u00e5 st\u00e5r jag kanske hemma i Falun och inte \u00e4r uttagen till OS och det vore r\u00e4tt synd.<\/p>\n<p>\u201dLite humor\u201d<\/p>\n<p class=\"hyperion-css-1v9qo5x\">Han \u00e4r en \u00e5kare som m\u00e5nga har \u00e5sikter om, det \u00e4r han v\u00e4l medveten om. \u00c4ven om han mestadels tar del av det genom andrahandsuppgifter.<\/p>\n<p class=\"hyperion-css-1v9qo5x\">\u2013 Ja, haha. Jag h\u00f6r ju fr\u00e5n kompisar och familj, det \u00e4r mer de som tar illa upp och blir irriterade. Men jag har sagt att de inte ska bry sig. Alla f\u00e5r tycka vad de vill, det \u00e4r ett fritt land. Och s\u00e5dana besserwissrar kommer det alltid finnas, s\u00e5dana som tror att de vet mer n\u00e4r de sitter hemma i soffan. Det \u00e4r \u00e4nd\u00e5 lite humor, men jag bryr mig inte, s\u00e4ger Halfvarsson.<\/p>\n<p class=\"hyperion-css-1v9qo5x\">Karri\u00e4ren forts\u00e4tter f\u00f6rhoppningsvis \u00e5tminstone en s\u00e4song till \u00e4ven om det inte blir n\u00e5got OS. Redan n\u00e4sta \u00e5r det n\u00e4mligen VM p\u00e5 Halfvarsson bakg\u00e5rd, i Falun.<\/p>\n<p class=\"hyperion-css-1v9qo5x\">\u2013 Blir jag inte kvalificerad till OS s\u00e5 kommer jag ganska snabbt ta beslut om jag k\u00f6r en s\u00e4song till. Jag vill ju g\u00f6ra det, men beh\u00f6ver checka att det \u00e4r m\u00f6jligt med familj och sponsorer. Men d\u00e5 kommer jag b\u00f6rja min satsning mot Falun mer eller mindre redan nu.<\/p>\n","protected":false},"excerpt":{"rendered":"share-arrowDela unsaveSpara expand-left helsk\u00e4rmL\u00e4ngdveteranden Calle Halfvarsson beh\u00f6ver f\u00f6rmodligen prestera s\u00e4songens b\u00e4sta lopp p\u00e5 s\u00f6ndag om det ska bli&hellip;\n","protected":false},"author":2,"featured_media":138650,"comment_status":"","ping_status":"","sticky":false,"template":"","format":"standard","meta":{"footnotes":""},"categories":[68],"tags":[34,111,110,31,33,32,30],"class_list":{"0":"post-138649","1":"post","2":"type-post","3":"status-publish","4":"format-standard","5":"has-post-thumbnail","7":"category-sport","8":"tag-se","9":"tag-sport","10":"tag-sports","11":"tag-svenska","12":"tag-sverige","13":"tag-sweden","14":"tag-swedish"},"share_on_mastodon":{"url":"https:\/\/pubeurope.com\/@se\/115908732675871156","error":""},"_links":{"self":[{"href":"https:\/\/www.europesays.com\/se\/wp-json\/wp\/v2\/posts\/138649","targetHints":{"allow":["GET"]}}],"collection":[{"href":"https:\/\/www.europesays.com\/se\/wp-json\/wp\/v2\/posts"}],"about":[{"href":"https:\/\/www.europesays.com\/se\/wp-json\/wp\/v2\/types\/post"}],"author":[{"embeddable":true,"href":"https:\/\/www.europesays.com\/se\/wp-json\/wp\/v2\/users\/2"}],"replies":[{"embeddable":true,"href":"https:\/\/www.europesays.com\/se\/wp-json\/wp\/v2\/comments?post=138649"}],"version-history":[{"count":0,"href":"https:\/\/www.europesays.com\/se\/wp-json\/wp\/v2\/posts\/138649\/revisions"}],"wp:featuredmedia":[{"embeddable":true,"href":"https:\/\/www.europesays.com\/se\/wp-json\/wp\/v2\/media\/138650"}],"wp:attachment":[{"href":"https:\/\/www.europesays.com\/se\/wp-json\/wp\/v2\/media?parent=138649"}],"wp:term":[{"taxonomy":"category","embeddable":true,"href":"https:\/\/www.europesays.com\/se\/wp-json\/wp\/v2\/categories?post=138649"},{"taxonomy":"post_tag","embeddable":true,"href":"https:\/\/www.europesays.com\/se\/wp-json\/wp\/v2\/tags?post=138649"}],"curies":[{"name":"wp","href":"https:\/\/api.w.org\/{rel}","templated":true}]}}