{"id":138660,"date":"2026-01-17T05:29:07","date_gmt":"2026-01-17T05:29:07","guid":{"rendered":"https:\/\/www.europesays.com\/se\/138660\/"},"modified":"2026-01-17T05:29:07","modified_gmt":"2026-01-17T05:29:07","slug":"carolina-utklassade-florida-vann-med-9-1","status":"publish","type":"post","link":"https:\/\/www.europesays.com\/se\/138660\/","title":{"rendered":"Carolina utklassade Florida \u2013 vann med 9\u20131"},"content":{"rendered":"<p>Carolina \u00f6vertygade n\u00e4r laget vann p\u00e5 hemmaplan mot Florida med hela 9\u20131 (1\u20130, 2\u20131, 6\u20130). Carolina fick d\u00e4rmed revansch fr\u00e5n senaste m\u00f6tet, som Florida vann med 5\u20132.<\/p>\n<p class=\"\">Carolinas fina hemmaform h\u00e5ller i sig. Segern var fj\u00e4rde raka i Lenovo Center.<\/p>\n<p>Mark Jankowski gjorde matchvinnande m\u00e5let<\/p>\n<p class=\"\">Carolina tog ledningen efter 18 minuter genom Nikolaj Ehlers p\u00e5 passning fr\u00e5n Jordan Staal och Jordan Martinook.<\/p>\n<p class=\"\">Florida kvitterade till 1\u20131 genom Uvis Janis Balinskis i b\u00f6rjan av andra perioden i andra perioden.<\/p>\n<p class=\"\">Carolina gjorde dock tv\u00e5 snabba m\u00e5l och gick fr\u00e5n 1\u20131 till 3\u20131, m\u00e5len av Mark Jankowski och Alexander Nikisjin.<\/p>\n<p class=\"\">Carolina fortsatte dominansen i tredje perioden och vann till slut med hela 9\u20131. M\u00e5len i sista perioden gjordes av Taylor Hall, som gjorde tv\u00e5 m\u00e5l, Nikolaj Ehlers, som gjorde tv\u00e5 m\u00e5l, Eric Robinson och Andrej Svetjnikov.<\/p>\n<p class=\"\">Nikolaj Ehlers gjorde tre m\u00e5l f\u00f6r Carolina och ett m\u00e5lgivande pass och Mark Jankowski stod f\u00f6r ett m\u00e5l och tv\u00e5 assists.<\/p>\n<p class=\"\">Lagen har m\u00f6tts tv\u00e5 g\u00e5nger tidigare under s\u00e4songen. B\u00e5da g\u00e5ngerna har Florida Panthers vunnit.<\/p>\n<p class=\"\">I n\u00e4sta match m\u00f6ter Carolina New Jersey borta och Florida m\u00f6ter Washington borta. B\u00e5da matcherna spelas s\u00f6ndag 18 januari 01.00.<\/p>\n<p class=\"\"><strong>Carolina\u2013Florida 9\u20131 (1\u20130, 2\u20131, 6\u20130)<\/strong><\/p>\n<p class=\"\"><strong>NHL, Lenovo Center<\/strong><\/p>\n<p class=\"\"><strong>F\u00f6rsta perioden:<\/strong> 1\u20130 (18.35) Nikolaj Ehlers (Jordan Staal, Jordan Martinook).<\/p>\n<p class=\"\"><strong>Andra perioden:<\/strong> 1\u20131 (21.19) Uvis Janis Balinskis (Mackie Samoskevich, Sandis Vilmanis), 2\u20131 (33.10) Mark Jankowski (Alexander Nikisjin, Mike Reilly), 3\u20131 (36.28) Alexander Nikisjin (Sebastian Aho, Nikolaj Ehlers).<\/p>\n<p class=\"\"><strong>Tredje perioden:<\/strong> 4\u20131 (44.08) Andrej Svetjnikov (Seth Jarvis, Sebastian Aho), 5\u20131 (51.17) Nikolaj Ehlers (Seth Jarvis, Andrej Svetjnikov), 6\u20131 (51.38) Taylor Hall (Logan Stankoven, Mark Jankowski), 7\u20131 (53.03) Nikolaj Ehlers (Logan Stankoven, Jackson Blake), 8\u20131 (58.23) Taylor Hall (Jackson Blake, K&#8217;Andre Miller), 9\u20131 (58.35) Eric Robinson (Jesperi Kotkaniemi, Mark Jankowski).<\/p>\n<p class=\"\"><strong>Form senaste fem matcherna (segrar-1 po\u00e4ng-f\u00f6rluster):<\/strong><\/p>\n<p class=\"\"><strong>Carolina:<\/strong> 3-1-1<\/p>\n<p class=\"\"><strong>Florida:<\/strong> 2-0-3<\/p>\n<p class=\"\"><strong>N\u00e4sta match:<\/strong><\/p>\n<p class=\"\"><strong>Carolina:<\/strong> New Jersey Devils, borta, 18 januari 01.00<\/p>\n<p class=\"\"><strong>Florida:<\/strong> Washington Capitals, borta, 18 januari 01.00<\/p>\n","protected":false},"excerpt":{"rendered":"Carolina \u00f6vertygade n\u00e4r laget vann p\u00e5 hemmaplan mot Florida med hela 9\u20131 (1\u20130, 2\u20131, 6\u20130). Carolina fick d\u00e4rmed&hellip;\n","protected":false},"author":2,"featured_media":138661,"comment_status":"","ping_status":"","sticky":false,"template":"","format":"standard","meta":{"footnotes":""},"categories":[68],"tags":[34,111,110,31,33,32,30],"class_list":{"0":"post-138660","1":"post","2":"type-post","3":"status-publish","4":"format-standard","5":"has-post-thumbnail","7":"category-sport","8":"tag-se","9":"tag-sport","10":"tag-sports","11":"tag-svenska","12":"tag-sverige","13":"tag-sweden","14":"tag-swedish"},"share_on_mastodon":{"url":"https:\/\/pubeurope.com\/@se\/115908795588346740","error":""},"_links":{"self":[{"href":"https:\/\/www.europesays.com\/se\/wp-json\/wp\/v2\/posts\/138660","targetHints":{"allow":["GET"]}}],"collection":[{"href":"https:\/\/www.europesays.com\/se\/wp-json\/wp\/v2\/posts"}],"about":[{"href":"https:\/\/www.europesays.com\/se\/wp-json\/wp\/v2\/types\/post"}],"author":[{"embeddable":true,"href":"https:\/\/www.europesays.com\/se\/wp-json\/wp\/v2\/users\/2"}],"replies":[{"embeddable":true,"href":"https:\/\/www.europesays.com\/se\/wp-json\/wp\/v2\/comments?post=138660"}],"version-history":[{"count":0,"href":"https:\/\/www.europesays.com\/se\/wp-json\/wp\/v2\/posts\/138660\/revisions"}],"wp:featuredmedia":[{"embeddable":true,"href":"https:\/\/www.europesays.com\/se\/wp-json\/wp\/v2\/media\/138661"}],"wp:attachment":[{"href":"https:\/\/www.europesays.com\/se\/wp-json\/wp\/v2\/media?parent=138660"}],"wp:term":[{"taxonomy":"category","embeddable":true,"href":"https:\/\/www.europesays.com\/se\/wp-json\/wp\/v2\/categories?post=138660"},{"taxonomy":"post_tag","embeddable":true,"href":"https:\/\/www.europesays.com\/se\/wp-json\/wp\/v2\/tags?post=138660"}],"curies":[{"name":"wp","href":"https:\/\/api.w.org\/{rel}","templated":true}]}}