{"id":138674,"date":"2026-01-17T06:03:13","date_gmt":"2026-01-17T06:03:13","guid":{"rendered":"https:\/\/www.europesays.com\/se\/138674\/"},"modified":"2026-01-17T06:03:13","modified_gmt":"2026-01-17T06:03:13","slug":"camera-control-knappen-pa-din-iphone-har-ett-gang-dolda-funktioner-sa-anvander-du-dem","status":"publish","type":"post","link":"https:\/\/www.europesays.com\/se\/138674\/","title":{"rendered":"Camera Control-knappen p\u00e5 din iPhone har ett g\u00e4ng dolda funktioner \u2013 s\u00e5 anv\u00e4nder du dem"},"content":{"rendered":"<p id=\"c143d35c-15d6-45ca-bd93-ee2bdebc874b\">N\u00e4r <a data-analytics-id=\"inline-link\" href=\"https:\/\/global.techradar.com\/sv-se\/phones\/iphone\/apple-iphone-16-recension-lyfter-basmodellen-till-nya-hojder\" target=\"_blank\" data-url=\"https:\/\/global.techradar.com\/sv-se\/phones\/iphone\/apple-iphone-16-recension-lyfter-basmodellen-till-nya-hojder\" data-hl-processed=\"none\" data-mrf-recirculation=\"inline-link\" data-before-rewrite-localise=\"https:\/\/global.techradar.com\/sv-se\/phones\/iphone\/apple-iphone-16-recension-lyfter-basmodellen-till-nya-hojder\" rel=\"nofollow noopener\">iPhone 16<\/a> och <a data-analytics-id=\"inline-link\" href=\"https:\/\/global.techradar.com\/sv-se\/phones\/iphone\/apple-iphone-16-pro-recension-fickvanlig-briljans-utan-kompromisser\" target=\"_blank\" data-url=\"https:\/\/global.techradar.com\/sv-se\/phones\/iphone\/apple-iphone-16-pro-recension-fickvanlig-briljans-utan-kompromisser\" data-hl-processed=\"none\" data-mrf-recirculation=\"inline-link\" data-before-rewrite-localise=\"https:\/\/global.techradar.com\/sv-se\/phones\/iphone\/apple-iphone-16-pro-recension-fickvanlig-briljans-utan-kompromisser\" rel=\"nofollow noopener\">iPhone 16 Pro<\/a> lanserades med en ny Camera Control-knapp, <a data-analytics-id=\"inline-link\" href=\"https:\/\/global.techradar.com\/sv-se\/tag\/apple\" data-auto-tag-linker=\"true\" data-url=\"https:\/\/global.techradar.com\/sv-se\/tag\/apple\" data-hl-processed=\"none\" data-mrf-recirculation=\"inline-link\" data-before-rewrite-localise=\"https:\/\/global.techradar.com\/sv-se\/tag\/apple\" rel=\"nofollow noopener\" target=\"_blank\">Apple<\/a> kallar den aldrig f\u00f6r en knapp, hade vi h\u00f6ga f\u00f6rhoppningar om en riktig slutarknapp med autofokus, som p\u00e5 en riktig kamera. Tyv\u00e4rr fungerade Camera Control inte riktigt som vi hade t\u00e4nkt oss, men det betyder inte att den inte kan vara ett extremt anv\u00e4ndbart verktyg. S\u00e5 l\u00e5t oss visa hur du f\u00e5r ut mesta m\u00f6jliga av den.<\/p>\n<p>I dag hittar du Camera Control p\u00e5 alla nya iPhone-modeller utom <a data-analytics-id=\"inline-link\" href=\"https:\/\/global.techradar.com\/sv-se\/phones\/iphone\/iphone-16e-recension\" target=\"_blank\" data-url=\"https:\/\/global.techradar.com\/sv-se\/phones\/iphone\/iphone-16e-recension\" data-hl-processed=\"none\" data-mrf-recirculation=\"inline-link\" data-before-rewrite-localise=\"https:\/\/global.techradar.com\/sv-se\/phones\/iphone\/iphone-16e-recension\" rel=\"nofollow noopener\">iPhone 16e<\/a>. Det g\u00e4ller \u00e4ven iPhone 17 och <a data-analytics-id=\"inline-link\" href=\"https:\/\/global.techradar.com\/sv-se\/phones\/iphone\/apple-iphone-air-ar-den-tunnaste-och-mest-eleganta-iphone-jag-testat-det-kanns-som-en-ny-typ-av-pro\" target=\"_blank\" data-url=\"https:\/\/global.techradar.com\/sv-se\/phones\/iphone\/apple-iphone-air-ar-den-tunnaste-och-mest-eleganta-iphone-jag-testat-det-kanns-som-en-ny-typ-av-pro\" data-hl-processed=\"none\" data-mrf-recirculation=\"inline-link\" data-before-rewrite-localise=\"https:\/\/global.techradar.com\/sv-se\/phones\/iphone\/apple-iphone-air-ar-den-tunnaste-och-mest-eleganta-iphone-jag-testat-det-kanns-som-en-ny-typ-av-pro\" rel=\"nofollow noopener\">iPhone Air<\/a>. Tyv\u00e4rr anv\u00e4nder de flesta iPhone-\u00e4gare vi k\u00e4nner, som inte spenderar sina dagar med att fundera \u00f6ver telefonfunktioner, s\u00e4llan Camera Control eller r\u00e5kar bara trycka p\u00e5 den av misstag.<\/p>\n<p><a id=\"elk-seasonal\" data-url=\"\" href=\"\" target=\"_blank\" referrerpolicy=\"no-referrer-when-downgrade\" data-hl-processed=\"none\"\/><\/p>\n<p id=\"c143d35c-15d6-45ca-bd93-ee2bdebc874b-2\">Vi har hittat m\u00e5nga s\u00e4tt d\u00e4r Camera Control faktiskt \u00e4r anv\u00e4ndbar, men den kan ocks\u00e5 vara lite knepig. Du m\u00e5ste veta hur du faktiskt anv\u00e4nder knappen och det lilla popup-f\u00f6nster som \u00f6ppnas. Du beh\u00f6ver \u00e4ven hitta inst\u00e4llningarna som l\u00e5ter dig \u00e4ndra vad den g\u00f6r. Vi visar var du ska leta och hur du kan anv\u00e4nda Camera Control f\u00f6r att \u00f6ppna appar, titta n\u00e4rmare och justera kameran, innan du ens tar bilden.<\/p>\n<p>Du kanske gillar<\/p>\n<p><a id=\"elk-a291be4f-88be-4251-8e1d-6fd4d65a20b9\" class=\"paywall\" aria-hidden=\"true\" data-url=\"\" href=\"\" target=\"_blank\" referrerpolicy=\"no-referrer-when-downgrade\" data-hl-processed=\"none\"\/>Starta en annan kameraapp, som Instagram<\/p>\n<p class=\"vanilla-image-block\" style=\"padding-top:56.25%;\">\n<p><img decoding=\"async\" src=\"https:\/\/www.europesays.com\/se\/wp-content\/uploads\/2026\/01\/MLmPPCxik47FYowJCTK3Ti.jpg\" alt=\"En inst&amp;auml;llningsmeny p&amp;aring; en iPhone d&amp;auml;r man v&amp;auml;ljer vilken app som ska startas med Camera Control-knappen.\"   loading=\"lazy\" data-new-v2-image=\"true\" data-original-mos=\"https:\/\/www.europesays.com\/se\/wp-content\/uploads\/2026\/01\/MLmPPCxik47FYowJCTK3Ti.jpg\" data-pin-media=\"https:\/\/www.europesays.com\/se\/wp-content\/uploads\/2026\/01\/MLmPPCxik47FYowJCTK3Ti.jpg\" class=\"inline\"\/>\n<\/p>\n<p>(Image credit: Philip Berne \/ Future)<\/p>\n<p id=\"14f63572-d5b7-45a3-b6d1-d01511b08415\">Det f\u00f6rsta du beh\u00f6ver g\u00f6ra \u00e4r att hitta kamerainst\u00e4llningarna p\u00e5 din iPhone. Apple placerar inte inst\u00e4llningsmenyer inuti apparna. Varje app har sina inst\u00e4llningar samlade i appen Inst\u00e4llningar. \u00d6ppna d\u00e4rf\u00f6r Inst\u00e4llningar och scrolla ned till Kamera. Den \u00f6versta inst\u00e4llningen under Kamera, \u00e5tminstone i iOS 26.2, \u00e4r Camera Control.<\/p>\n<p>Under inst\u00e4llningarna f\u00f6r Camera Control \u00e4r det f\u00f6rsta valet vilken kamera knappen ska starta. I st\u00e4llet f\u00f6r den fullfj\u00e4drade Kamera-appen kan du v\u00e4lja att \u00f6ppna en QR-kodl\u00e4sare eller till och med en tredjepartsapp. Instagram b\u00f6rjade sitt liv som en kameraapp med filter och du kan fortfarande st\u00e4lla in Camera Control s\u00e5 att den \u00f6ppnar Instagram direkt i kameral\u00e4get.<\/p>\n<p>Du beh\u00f6ver ha gett Instagram beh\u00f6righet n\u00e4r du laddade ner appen. Annars kan du \u00e4ndra beh\u00f6righeterna via Inst\u00e4llningar, Appar, Instagram.<\/p>\n<p><a id=\"elk-4dc5ceb8-a56f-4e4b-83a1-961118bdb461\" class=\"paywall\" aria-hidden=\"true\" data-url=\"\" href=\"\" target=\"_blank\" referrerpolicy=\"no-referrer-when-downgrade\" data-hl-processed=\"none\"\/>\u00d6ppna F\u00f6rstoringsglas f\u00f6r att se b\u00e4ttre<\/p>\n<p class=\"vanilla-image-block\" style=\"padding-top:56.21%;\">\n<p><img decoding=\"async\" src=\"https:\/\/cdn.mos.cms.futurecdn.net\/VtJiAf5SYKGVxp2DcfSvQj.jpg\" alt=\"En person som anv&amp;auml;nder Camera Control-knappen p&amp;aring; en iPhone 17 Pro Max.\"   loading=\"lazy\" data-new-v2-image=\"true\" data-original-mos=\"https:\/\/cdn.mos.cms.futurecdn.net\/VtJiAf5SYKGVxp2DcfSvQj.jpg\" data-pin-media=\"https:\/\/cdn.mos.cms.futurecdn.net\/VtJiAf5SYKGVxp2DcfSvQj.jpg\" class=\"inline\"\/>\n<\/p>\n<p>(Image credit: Philip Berne \/ Future)<\/p>\n<p id=\"ed4c06b1-b4f2-4dfc-868c-7f7d942f38ab\">Om du anv\u00e4nder l\u00e4sglas\u00f6gon men inte alltid har dem med dig, \u00e4r det h\u00e4r n\u00e5got f\u00f6r dig. Om du exempelvis beh\u00f6ver l\u00e4sa det finstilta p\u00e5 en meny kan du i st\u00e4llet \u00f6ppna appen F\u00f6rstoringsglas p\u00e5 iPhone. Anv\u00e4nder du F\u00f6rstoringsglas ofta kan du gl\u00e4djas \u00e5t att appen g\u00e5r att \u00f6ppna via Camera Control med ett enkelt tryck. F\u00f6lj bara instruktionerna ovan och v\u00e4lj F\u00f6rstoringsglas i st\u00e4llet f\u00f6r Instagram.<\/p>\n<p class=\"newsletter-form__strapline\">Registrera dig f\u00f6r senaste nyheter, recensioner, \u00e5sikter, toppteknologiska erbjudanden och mer.<\/p>\n<p>F\u00f6rstoringsglas kan till och med ta bilder. Du kan zooma in p\u00e5 text, ta ett foto och sedan importera texten direkt till Apples l\u00e4sfunktion f\u00f6r att transkribera bilden. Befinner du dig i m\u00f6rker kan F\u00f6rstoringsglas \u00e4ven aktivera ficklampan.<\/p>\n<p><a id=\"elk-e04a8560-5ade-4020-9026-5aec2ef5ac68\" class=\"paywall\" aria-hidden=\"true\" data-url=\"\" href=\"\" target=\"_blank\" referrerpolicy=\"no-referrer-when-downgrade\" data-hl-processed=\"none\"\/>F\u00e5 svar p\u00e5 fr\u00e5gan \u201dvad \u00e4r det d\u00e4r egentligen?\u201d med ChatGPT<\/p>\n<p class=\"vanilla-image-block\" style=\"padding-top:56.25%;\">\n<p><img decoding=\"async\" src=\"https:\/\/cdn.mos.cms.futurecdn.net\/27Xuy8sG8N2c7ZkPUUaoTj.jpg\" alt=\"En person som anv&amp;auml;nder Camera Control-knappen p&amp;aring; en iPhone 17 Pro Max.\"   loading=\"lazy\" data-new-v2-image=\"true\" data-original-mos=\"https:\/\/cdn.mos.cms.futurecdn.net\/27Xuy8sG8N2c7ZkPUUaoTj.jpg\" data-pin-media=\"https:\/\/cdn.mos.cms.futurecdn.net\/27Xuy8sG8N2c7ZkPUUaoTj.jpg\" class=\"inline\"\/>\n<\/p>\n<p>(Image credit: Philip Berne \/ Future)<\/p>\n<p id=\"c05d0ef2-c06c-4440-98cc-f43944597683\">Vill du testa lite AI kan du anv\u00e4nda kameran f\u00f6r att st\u00e4lla fr\u00e5gor via Visual Intelligence, Apples bildigenk\u00e4nnings-AI som samarbetar med ChatGPT f\u00f6r att ge svar. Den kan komma att fungera med andra AI-modeller i framtiden. N\u00e4sta g\u00e5ng du t\u00e4nker \u201dvad \u00e4r det d\u00e4r f\u00f6r sorts f\u00e5gel?\u201d kan du \u00f6ppna Visual Intelligence p\u00e5 din iPhone och fr\u00e5ga.<\/p>\n<p>Du beh\u00f6ver inte byta app den h\u00e4r g\u00e5ngen. Visual Intelligence \u00e4r alltid en funktion kopplad till Camera Control. I st\u00e4llet f\u00f6r att trycka och sl\u00e4ppa knappen h\u00e5ller du den intryckt fr\u00e5n vilken sk\u00e4rm som helst f\u00f6rutom Kamera-appen. Knappen beter sig annorlunda n\u00e4r en kameraapp \u00e4r \u00f6ppen.<\/p>\n<p>Du kanske gillar<\/p>\n<p>Visual Intelligence tar en stillbild innan den b\u00f6rjar arbeta. Den fungerar allts\u00e5 inte med livevideo. Den var heller inte alltid helt tr\u00e4ffs\u00e4ker, vilket vi l\u00e4gger p\u00e5 ChatGPT. Till exempel identifierade den v\u00e5r Lego Transformers Soundwave-modell som Lego Artemis Space Launch System f\u00f6rsta g\u00e5ngen och sedan som Lego Optimus Prime andra g\u00e5ngen. \u00c5tminstone k\u00e4nde den igen Lego-bitarna.<\/p>\n<p><a id=\"elk-afdaca83-666f-409b-b821-d25bc9b6c464\" class=\"paywall\" aria-hidden=\"true\" data-url=\"\" href=\"\" target=\"_blank\" referrerpolicy=\"no-referrer-when-downgrade\" data-hl-processed=\"none\"\/>Camera Control-funktioner i Kamera-appen<\/p>\n<p class=\"vanilla-image-block\" style=\"padding-top:56.21%;\">\n<p><img decoding=\"async\" src=\"https:\/\/www.europesays.com\/se\/wp-content\/uploads\/2026\/01\/G87Bv6DXXwJu3mnqRXxxZj.jpg\" alt=\"En person som anv&amp;auml;nder Camera Control-knappen p&amp;aring; en iPhone 17 Pro Max.\"   loading=\"lazy\" data-new-v2-image=\"true\" data-original-mos=\"https:\/\/www.europesays.com\/se\/wp-content\/uploads\/2026\/01\/G87Bv6DXXwJu3mnqRXxxZj.jpg\" data-pin-media=\"https:\/\/www.europesays.com\/se\/wp-content\/uploads\/2026\/01\/G87Bv6DXXwJu3mnqRXxxZj.jpg\" class=\"inline\"\/>\n<\/p>\n<p>(Image credit: Philip Berne \/ Future)<\/p>\n<p id=\"494913db-8eb4-45af-b8a7-16e3fc7db9de\">H\u00e4r kommer n\u00e5gra tips f\u00f6r Camera Control n\u00e4r du faktiskt anv\u00e4nder Apples Kamera-app. Du kan f\u00f6rst\u00e5s bara trycka p\u00e5 knappen f\u00f6r att ta en bild, men den klarar betydligt fler trick \u00e4n s\u00e5. F\u00f6r att komma \u00e5t dem trycker du f\u00f6rst l\u00e4tt p\u00e5 Camera Control-knappen tills ett flikindelat f\u00f6nster dyker upp precis under fingret. Svep ned\u00e5t i f\u00f6nstret s\u00e5 ser du en horisontell rad med ikoner f\u00f6r Camera Control-funktionerna.<\/p>\n<p>I menyn Inst\u00e4llningar &gt; Kamera &gt; Camera Control kan du st\u00e4nga av de funktioner du aldrig anv\u00e4nder. Vi tycker till exempel att funktionen \u201dDjup\u201d \u00e4r helt v\u00e4rdel\u00f6s, vi kunde inte se n\u00e5gon skillnad mellan maximal och minimal bl\u00e4ndare, s\u00e5 den har vi slagit av. H\u00e4r \u00e4r verktygen vi faktiskt anv\u00e4nder och kan rekommendera.<\/p>\n<p><a id=\"elk-461ac394-99f3-4daa-8ca7-7094b3109129\" class=\"paywall\" aria-hidden=\"true\" data-url=\"\" href=\"\" target=\"_blank\" referrerpolicy=\"no-referrer-when-downgrade\" data-hl-processed=\"none\"\/>Zooma in eller fokusera p\u00e5 dig sj\u00e4lv<\/p>\n<p class=\"vanilla-image-block\" style=\"padding-top:56.26%;\">\n<p><img decoding=\"async\" src=\"https:\/\/www.europesays.com\/se\/wp-content\/uploads\/2026\/01\/DBjBfcSpvdyqMXWFkppN7h.jpg\" alt=\"En person som anv&amp;auml;nder Camera Control-knappen p&amp;aring; en iPhone 17 Pro Max.\"   loading=\"lazy\" data-new-v2-image=\"true\" data-original-mos=\"https:\/\/www.europesays.com\/se\/wp-content\/uploads\/2026\/01\/DBjBfcSpvdyqMXWFkppN7h.jpg\" data-pin-media=\"https:\/\/www.europesays.com\/se\/wp-content\/uploads\/2026\/01\/DBjBfcSpvdyqMXWFkppN7h.jpg\" class=\"inline\"\/>\n<\/p>\n<p>(Image credit: Philip Berne \/ Future)<\/p>\n<p id=\"6146835c-a356-4878-ac2b-85d20ceb4a73\">Med Camera Control kan du zooma in mjukt f\u00f6r att rama in motivet eller komma n\u00e4rmare. V\u00e4lj Zoom i kontrollmenyn och dra sedan fingret \u00e5t v\u00e4nster eller h\u00f6ger p\u00e5 Camera Control-knappen. Dra \u00e5t v\u00e4nster f\u00f6r att zooma in, \u00e5t h\u00f6ger f\u00f6r att zooma ut.<\/p>\n<p>I st\u00e4llet f\u00f6r att zooma kan du \u00e4ven v\u00e4xla mellan iPhones tre kameror. I den \u00f6versta Camera Control-menyn v\u00e4ljer du Kameror i st\u00e4llet f\u00f6r Zoom. D\u00e5 kan du hoppa fr\u00e5n vidvinkel, m\u00e4rkt \u201d.5\u201d, till huvudkameran eller stega vidare via 2x, 4x och 8x. Du kan \u00e4ven snabbt byta till selfiekameran p\u00e5 det h\u00e4r s\u00e4ttet. N\u00e4r du scrollar f\u00f6rbi vidvinkeln v\u00e4nds vyn runt.<\/p>\n<p><a id=\"elk-86d8b481-ea40-406c-88e3-8f1bd64233d0\" class=\"paywall\" aria-hidden=\"true\" data-url=\"\" href=\"\" target=\"_blank\" referrerpolicy=\"no-referrer-when-downgrade\" data-hl-processed=\"none\"\/>Spela in video snabbt utan att byta kameral\u00e4ge<\/p>\n<p class=\"vanilla-image-block\" style=\"padding-top:56.25%;\">\n<p><img decoding=\"async\" src=\"https:\/\/www.europesays.com\/se\/wp-content\/uploads\/2026\/01\/kRwJfVhefM8gac6tP3U7mg.jpg\" alt=\"En person som anv&amp;auml;nder Camera Control-knappen p&amp;aring; en iPhone 17 Pro Max.\"   loading=\"lazy\" data-new-v2-image=\"true\" data-original-mos=\"https:\/\/www.europesays.com\/se\/wp-content\/uploads\/2026\/01\/kRwJfVhefM8gac6tP3U7mg.jpg\" data-pin-media=\"https:\/\/www.europesays.com\/se\/wp-content\/uploads\/2026\/01\/kRwJfVhefM8gac6tP3U7mg.jpg\" class=\"inline\"\/>\n<\/p>\n<p>(Image credit: Philip Berne \/ Future)<\/p>\n<p id=\"e6fbbc1e-4bdd-44a9-8846-7057e522364c\">I st\u00e4llet f\u00f6r en stillbild kan du snabbt spela in video utan att byta l\u00e4ge. H\u00e5ll bara Camera Control-knappen intryckt medan Kamera-appen \u00e4r \u00f6ppen. I st\u00e4llet f\u00f6r att ta en bild b\u00f6rjar den spela in video. Inspelningen avslutas n\u00e4r du sl\u00e4pper knappen, vilket g\u00f6r funktionen perfekt f\u00f6r att snabbt f\u00e5nga \u00f6gonblick n\u00e4r de h\u00e4nder. Kameraknappen p\u00e5 sk\u00e4rmen fungerar f\u00f6r \u00f6vrigt p\u00e5 samma s\u00e4tt \u2013 h\u00e5ll fingret p\u00e5 den f\u00f6r att spela in video i st\u00e4llet f\u00f6r att ta en bild.<\/p>\n<p>Vi hade g\u00e4rna sett ett alternativ d\u00e4r Camera Control tar en bildserie i st\u00e4llet f\u00f6r video, men den funktionen finns kopplad till en annan knapp. I Inst\u00e4llningar &gt; Kamera finns ett val n\u00e4ra botten som g\u00f6r att Volym upp-knappen tar bildserier. H\u00e5ller du inne Volym upp p\u00e5 telefonen tas en snabb serie bilder tills du sl\u00e4pper knappen.<\/p>\n<p><a id=\"elk-75e3ab6f-86d4-4867-8102-e15bfe278986\" class=\"paywall\" aria-hidden=\"true\" data-url=\"\" href=\"\" target=\"_blank\" referrerpolicy=\"no-referrer-when-downgrade\" data-hl-processed=\"none\"\/>G\u00f6r bilden ljusare eller skapa mer dramatik<\/p>\n<p id=\"7dd65e4e-0e97-4a2c-96b3-23a898c3bd43\">L\u00e4r k\u00e4nna exponeringskontrollen i kameran, den kan g\u00f6ra enorm skillnad n\u00e4r du balanserar bilden eller vill skapa mer dramatik. Med Camera Control i Kamera-appen sveper du ned\u00e5t f\u00f6r att visa menyn med Camera Control-funktioner. Svep sedan \u00e5t h\u00f6ger tills du ser \u201d\u00b1\u201d-symbolen med texten \u201dExponering\u201d under.<\/p>\n<p>Svep f\u00f6rsiktigt \u00e5t v\u00e4nster eller h\u00f6ger f\u00f6r att se vilken skillnad du kan \u00e5stadkomma. Om du inte anv\u00e4nder n\u00e5gra andra Camera Control-verktyg rekommenderar vi att l\u00e5ta knappen st\u00e5 p\u00e5 Exponering. D\u00e5 kan du snabbt justera bilder som \u00e4r utfr\u00e4tta och f\u00f6r ljusa eller ljusa upp m\u00f6rka scener s\u00e5 att ansikten och hudtoner syns tydligare.<\/p>\n<p class=\"vanilla-image-block\" style=\"padding-top:56.24%;\">\n<p><img decoding=\"async\" src=\"https:\/\/cdn.mos.cms.futurecdn.net\/aqdUvtoGaLtpsYpTKabtBi.jpg\" alt=\"En person som anv&amp;auml;nder Camera Control-knappen p&amp;aring; en iPhone 17 Pro Max.\"   loading=\"lazy\" data-new-v2-image=\"true\" data-original-mos=\"https:\/\/cdn.mos.cms.futurecdn.net\/aqdUvtoGaLtpsYpTKabtBi.jpg\" data-pin-media=\"https:\/\/cdn.mos.cms.futurecdn.net\/aqdUvtoGaLtpsYpTKabtBi.jpg\" class=\"inline\"\/>\n<\/p>\n<p>(Image credit: Philip Berne \/ Future)<\/p>\n<p id=\"6e94433e-b11b-4740-be38-9a2c2d254c7e\">Vi v\u00e4ntar fortfarande p\u00e5 den slutarknapp vi alltid har velat ha, en riktig tv\u00e5stegsslutare. Kanske blir det en Android-tillverkare som levererar det till slut. Fram tills dess hoppas vi att de h\u00e4r tipsen g\u00f6r Camera Control mer anv\u00e4ndbar och vi uppdaterar dem om Apple l\u00e4gger till fler riktigt bra funktioner till sin stora nya knapp.<\/p>\n<p><a id=\"elk-ce6d6250-f832-490c-822f-78dc37c21715\" class=\"paywall\" aria-hidden=\"true\" data-url=\"\" href=\"\" target=\"_blank\" referrerpolicy=\"no-referrer-when-downgrade\" data-hl-processed=\"none\"\/><\/p>\n","protected":false},"excerpt":{"rendered":"N\u00e4r iPhone 16 och iPhone 16 Pro lanserades med en ny Camera Control-knapp, Apple kallar den aldrig f\u00f6r&hellip;\n","protected":false},"author":2,"featured_media":138675,"comment_status":"","ping_status":"","sticky":false,"template":"","format":"standard","meta":{"footnotes":""},"categories":[66],"tags":[80,78,79,34,31,33,32,30,81,84,83,82],"class_list":{"0":"post-138674","1":"post","2":"type-post","3":"status-publish","4":"format-standard","5":"has-post-thumbnail","7":"category-vetenskap-och-teknik","8":"tag-science","9":"tag-science-and-technology","10":"tag-scienceandtechnology","11":"tag-se","12":"tag-svenska","13":"tag-sverige","14":"tag-sweden","15":"tag-swedish","16":"tag-technology","17":"tag-teknik","18":"tag-vetenskap","19":"tag-vetenskapteknik"},"share_on_mastodon":{"url":"https:\/\/pubeurope.com\/@se\/115908929290500185","error":""},"_links":{"self":[{"href":"https:\/\/www.europesays.com\/se\/wp-json\/wp\/v2\/posts\/138674","targetHints":{"allow":["GET"]}}],"collection":[{"href":"https:\/\/www.europesays.com\/se\/wp-json\/wp\/v2\/posts"}],"about":[{"href":"https:\/\/www.europesays.com\/se\/wp-json\/wp\/v2\/types\/post"}],"author":[{"embeddable":true,"href":"https:\/\/www.europesays.com\/se\/wp-json\/wp\/v2\/users\/2"}],"replies":[{"embeddable":true,"href":"https:\/\/www.europesays.com\/se\/wp-json\/wp\/v2\/comments?post=138674"}],"version-history":[{"count":0,"href":"https:\/\/www.europesays.com\/se\/wp-json\/wp\/v2\/posts\/138674\/revisions"}],"wp:featuredmedia":[{"embeddable":true,"href":"https:\/\/www.europesays.com\/se\/wp-json\/wp\/v2\/media\/138675"}],"wp:attachment":[{"href":"https:\/\/www.europesays.com\/se\/wp-json\/wp\/v2\/media?parent=138674"}],"wp:term":[{"taxonomy":"category","embeddable":true,"href":"https:\/\/www.europesays.com\/se\/wp-json\/wp\/v2\/categories?post=138674"},{"taxonomy":"post_tag","embeddable":true,"href":"https:\/\/www.europesays.com\/se\/wp-json\/wp\/v2\/tags?post=138674"}],"curies":[{"name":"wp","href":"https:\/\/api.w.org\/{rel}","templated":true}]}}